{"id":33577,"date":"2014-04-04T03:30:31","date_gmt":"2014-04-04T02:30:31","guid":{"rendered":"http:\/\/animus-klub.de\/?p=33577"},"modified":"2020-07-12T15:14:23","modified_gmt":"2020-07-12T13:14:23","slug":"35-get-closer-weekend","status":"publish","type":"post","link":"https:\/\/animus-klub.de\/hu\/35-get-closer-weekend\/","title":{"rendered":"Ker\u00fcl k\u00f6zelebb Istenhez h\u00e9tv\u00e9g\u00e9n"},"content":{"rendered":"<p><strong>Neal Morse \u00e9s csal\u00e1dja ism\u00e9t elgondolkodtat\u00f3 gospelekkel, sok-sok rem\u00e9nnyel \u00e9s szellemi er\u0151velaj\u00e1nd\u00e9kozott meg minketa mostani \u201eGet-Closer-Weekend&#8221; alkalm\u00e1val (&#8216;Ker\u00fclj k\u00f6zelebb Istenhez h\u00e9tv\u00e9g\u00e9n!&#8217;)<\/strong><\/p>\n\t<video id=\"wp_mep_5\" src=\"http:\/\/animus-klub.de\/wp-content\/uploads\/videos\/today_halleluja.mp4\"  width=\"640\" height=\"360\"  controls=\"controls\" preload=\"none\"  >\r\n\t\t\r\n\t\t\r\n\t\t\r\n\t\t\r\n\t\t\r\n\t\t\r\n\t\t\r\n\t<\/video>\r\n<script type=\"text\/javascript\">\r\njQuery(document).ready(function($) {\r\n\t$('#wp_mep_5').mediaelementplayer({\r\n\t\tm:1\r\n\t\t\r\n\t\t,features: ['playpause','current','progress','duration','volume','tracks','fullscreen']\r\n\t\t\r\n\t});\r\n});\r\n<\/script>\r\n\n<p style=\"text-align: justify;\"><a href=\"http:\/\/animus-klub.de\/wp-content\/uploads\/2014\/04\/Neal-Morse-1.jpg\"><img loading=\"lazy\" class=\"size-medium wp-image-33537 alignleft rahmen\" src=\"http:\/\/animus-klub.de\/wp-content\/uploads\/2014\/04\/Neal-Morse-1-225x300.jpg\" alt=\"Neal Morse 1\" width=\"225\" height=\"300\" srcset=\"https:\/\/animus-klub.de\/wordpress\/wp-content\/uploads\/2014\/04\/Neal-Morse-1-225x300.jpg 225w, https:\/\/animus-klub.de\/wordpress\/wp-content\/uploads\/2014\/04\/Neal-Morse-1-768x1024.jpg 768w, https:\/\/animus-klub.de\/wordpress\/wp-content\/uploads\/2014\/04\/Neal-Morse-1.jpg 900w\" sizes=\"(max-width: 225px) 100vw, 225px\" \/><\/a>K\u00f6r\u00fclbel\u00fcl 2 h\u00e9ttel a k\u00f6zel 3 \u00f3r\u00e1s progressz\u00edvkoncert ut\u00e1n Keltersbachban a Transatlantic egy\u00fcttesvezet\u0151je, Neal Morse (\u00e9nek, git\u00e1r, billenty\u0171) \u00e9s csal\u00e1dja bar\u00e1taikkal egy majd 13 \u00f3r\u00e1s \u201eGet-Closer-Meeting\u201c-et celebr\u00e1lt. Az eg\u00e9sz Eur\u00f3p\u00e1b\u00f3l \u00f6sszegy\u0171lt jelenl\u00e9v\u0151k nem csak tradicion\u00e1lis \u00e9s templomi gospeleket hallhattak, hanem megoszthatt\u00e1k egym\u00e1ssal szem\u00e9lyes tapasztalataikat Istent dics\u0151s\u00e9g\u00e9r\u0151l \u00e9s a Szentl\u00e9lek erej\u00e9r\u0151l.<\/p>\n<p style=\"text-align: justify;\">Az els\u0151 nap a \u201eGet in the Boat\u201c \u00faj st\u00fadi\u00f3albumukb\u00f3l j\u00e1tszottak dalokat, de term\u00e9szetesen m\u00e1s ismert gospelek is felcsend\u00fcltek, mint p\u00e9ld\u00e1ul a \u201eHalleluja\u201c.A \u201ezene p\u00fcsp\u00f6ke&#8221;, Neal Morse zen\u00e9szbar\u00e1taival, Julie Harrisonnal \u00e9s Debbie Breseenel illetve a gyermekeivel, Willivel \u00e9s Jeyd\u00e1val \u00fagy sz\u00f3laltatta meg a darabokat, hogy a terem, de a hallgat\u00f3k sz\u00edve is hamarosan melegs\u00e9ggel telt meg.<\/p>\n<p style=\"text-align: justify;\">V\u00e1ltozatoss\u00e1gk\u00e9nt a k\u00f6z\u00f6ns\u00e9gb\u0151l t\u00f6bben a mikrofon el\u00e9 l\u00e9ptek \u00e9s szem\u00e9lyes \u00e9lettapasztalataikr\u00f3l, sorsukr\u00f3l, \u00f6r\u00f6meikr\u0151l mes\u00e9ltek. K\u00f6zt\u00fck k\u00e9t angol szerzetes is, Mark \u00e9s Jonathan, akik pr\u00e9dik\u00e1tork\u00e9nt \u00e9s \u00e9nekesk\u00e9nt vett\u00e9k ki r\u00e9sz\u00fcket a programb\u00f3l.<\/p>\n<p style=\"text-align: justify;\"><a href=\"http:\/\/animus-klub.de\/wp-content\/uploads\/2014\/04\/Band-4.jpg\"><img loading=\"lazy\" class=\"wp-image-33543 aligncenter rahmen\" src=\"http:\/\/animus-klub.de\/wp-content\/uploads\/2014\/04\/Band-4-1024x488.jpg\" alt=\"Band 4\" width=\"636\" height=\"303\" srcset=\"https:\/\/animus-klub.de\/wordpress\/wp-content\/uploads\/2014\/04\/Band-4-1024x488.jpg 1024w, https:\/\/animus-klub.de\/wordpress\/wp-content\/uploads\/2014\/04\/Band-4-300x143.jpg 300w, https:\/\/animus-klub.de\/wordpress\/wp-content\/uploads\/2014\/04\/Band-4.jpg 1200w\" sizes=\"(max-width: 636px) 100vw, 636px\" \/><\/a><\/p>\n<p style=\"text-align: justify;\">Az el\u0151ad\u00e1sok k\u00f6zti k\u00e9t\u00f3r\u00e1s sz\u00fcnetben, a l\u00e1togat\u00f3k b\u0151s\u00e9gesen fogyaszthattak \u00e9telt \u00e9s italt.<\/p>\n<p style=\"text-align: justify;\"><a href=\"http:\/\/animus-klub.de\/wp-content\/uploads\/2014\/04\/Band-3.jpg\"><img loading=\"lazy\" class=\"alignright rahmen\" src=\"http:\/\/animus-klub.de\/wp-content\/uploads\/2014\/04\/Band-3-300x225.jpg\" alt=\"Band 3\" width=\"282\" height=\"211\" \/><\/a>A m\u00e1sodik nap abban t\u00e9rt el az els\u0151t\u0151l, hogy a vend\u00e9gek k\u00f6z\u00fcl, akinek volt kedve \u00e9s hangszere, egyszer\u0171en besz\u00e1llt Nealhez \u00e9s egy\u00fcttes\u00e9hez egy kis \u00f6r\u00f6mzen\u00e9l\u00e9sre. \u00cdgy az egy\u00fcttes egy b\u0151g\u0151ssel, egy fuvol\u00e1ssal \u00e9s egy\u00e9nekessel gazdagodott.<\/p>\n<p style=\"text-align: justify;\">Az els\u0151 r\u00e9sz cs\u00facspontja a 40 f\u0151s, Istent dics\u0151\u00edt\u0151 \u201ea cappella\u201d (hangszerk\u00eds\u00e9ret n\u00e9lk\u00fcli) k\u00e1non volt.<\/p>\n<p style=\"text-align: justify;\">A m\u00e1sodik r\u00e9szben els\u0151 eln\u00f6k\u00fcnk Alexander H\u00f6fer is megragadta az alkalmat \u00e9s egy p\u00e1r sz\u00f3t sz\u00f3lt a l\u00e1togat\u00f3khoz. Id\u00e9zet Alex besz\u00e9d\u00e9b\u0151l:<\/p>\n<p style=\"text-align: justify;\">\u201eKedves bar\u00e1taim, a nevem Alexander H\u00f6fer Nusslochb\u00f3l. K\u00f6zs\u00e9g\u00fcnk Heidelberg mellet fekszik. Szoci\u00e1lpedag\u00f3gus vagyok \u00e9s k\u00f6zel 20 \u00e9ve dolgozom fiatalokkal. A munk\u00e1mr\u00f3l szeretn\u00e9k nektek besz\u00e1molni.\u00a0 De el\u0151tte szeretn\u00e9k egy kis t\u00f6rt\u00e9netet elmes\u00e9lni.<\/p>\n<p style=\"text-align: justify;\">N\u00e9gy \u00e9vvel ezel\u0151tt vend\u00e9geim j\u00f6ttek Magyarorsz\u00e1gr\u00f3l, egy szeg\u00e9ny falu polg\u00e1rmestere \u00e9s k\u00e9t \u00f6nkorm\u00e1nyzati tag. \u0150k. m\u00e9g soha nem j\u00e1rtak n\u00e1lunk, \u00edgy orsz\u00e1gunkat csak hallom\u00e1sb\u00f3l \u00e9s a telev\u00edzi\u00f3b\u00f3l, f\u0151leg a labdar\u00fag\u00e1s \u00e1ltal ismert\u00e9k. Ez\u00e9rt nagyon k\u00edv\u00e1ncsiak voltak, a TV-b\u0151l ismert N\u00e9metorsz\u00e1g ut\u00e1n milyen a val\u00f3di, \u201eh\u00fas-v\u00e9r&#8221;orsz\u00e1g. K\u00e9t d\u00e9lut\u00e1n n\u00e9lk\u00fclem, csak magukban indultak el benyom\u00e1sokat gy\u0171jteni, a val\u00f3s\u00e1ggal k\u00f6zvetlen k\u00f6zelr\u0151l megismerkedni.<\/p>\n<div id='gallery-7' class='czr-gallery row flex-row czr-gallery-style gallery galleryid-33577 gallery-columns-3 gallery-size-thumbnail'><figure class='gallery-item col col-auto'>\r\n                        <div class='gallery-icon landscape czr-gallery-icon'>\r\n                              <a href=https:\/\/animus-klub.de\/hu\/35-get-closer-weekend\/goethestrasse-1\/ class=\"bg-link\"><\/a><img width=\"96\" height=\"96\" src=\"https:\/\/animus-klub.de\/wordpress\/wp-content\/uploads\/2014\/04\/Goethestra\u00dfe-1-150x150.jpg\" class=\"attachment-thumbnail size-thumbnail no-lazy\" alt=\"\" loading=\"lazy\" sizes=\"(min-width: 1200px) 350px, (min-width: 992px) 290px, (min-width: 768px) 210px, (min-width: 576px) 150px, calc( 50vw - 30px )\" srcset=\"https:\/\/animus-klub.de\/wordpress\/wp-content\/uploads\/2014\/04\/Goethestra\u00dfe-1-150x150.jpg 150w, https:\/\/animus-klub.de\/wordpress\/wp-content\/uploads\/2014\/04\/Goethestra\u00dfe-1-64x64.jpg 64w, https:\/\/animus-klub.de\/wordpress\/wp-content\/uploads\/2014\/04\/Goethestra\u00dfe-1-128x128.jpg 128w, https:\/\/animus-klub.de\/wordpress\/wp-content\/uploads\/2014\/04\/Goethestra\u00dfe-1-320x320.jpg 320w\" \/><div class=\"post-action btn btn-skin-dark-shaded inverted\"><a href=\"https:\/\/animus-klub.de\/wordpress\/wp-content\/uploads\/2014\/04\/Goethestra\u00dfe-1.jpg\" class=\"icn-expand\" data-lb-type=\"grouped-gallery\"><\/a><\/div>\r\n                        <\/div><\/figure><figure class='gallery-item col col-auto'>\r\n                        <div class='gallery-icon landscape czr-gallery-icon'>\r\n                              <a href=https:\/\/animus-klub.de\/hu\/35-get-closer-weekend\/park-1\/ class=\"bg-link\"><\/a><img width=\"96\" height=\"96\" src=\"https:\/\/animus-klub.de\/wordpress\/wp-content\/uploads\/2014\/04\/Park-1-150x150.jpg\" class=\"attachment-thumbnail size-thumbnail no-lazy\" alt=\"\" loading=\"lazy\" sizes=\"(min-width: 1200px) 350px, (min-width: 992px) 290px, (min-width: 768px) 210px, (min-width: 576px) 150px, calc( 50vw - 30px )\" srcset=\"https:\/\/animus-klub.de\/wordpress\/wp-content\/uploads\/2014\/04\/Park-1-150x150.jpg 150w, https:\/\/animus-klub.de\/wordpress\/wp-content\/uploads\/2014\/04\/Park-1-64x64.jpg 64w, https:\/\/animus-klub.de\/wordpress\/wp-content\/uploads\/2014\/04\/Park-1-128x128.jpg 128w, https:\/\/animus-klub.de\/wordpress\/wp-content\/uploads\/2014\/04\/Park-1-320x320.jpg 320w\" \/><div class=\"post-action btn btn-skin-dark-shaded inverted\"><a href=\"https:\/\/animus-klub.de\/wordpress\/wp-content\/uploads\/2014\/04\/Park-1.jpg\" class=\"icn-expand\" data-lb-type=\"grouped-gallery\"><\/a><\/div>\r\n                        <\/div><\/figure><figure class='gallery-item col col-auto'>\r\n                        <div class='gallery-icon landscape czr-gallery-icon'>\r\n                              <a href=https:\/\/animus-klub.de\/hu\/35-get-closer-weekend\/goethestrasse-2\/ class=\"bg-link\"><\/a><img width=\"96\" height=\"96\" src=\"https:\/\/animus-klub.de\/wordpress\/wp-content\/uploads\/2014\/04\/Goethestra\u00dfe-2-150x150.jpg\" class=\"attachment-thumbnail size-thumbnail no-lazy\" alt=\"\" loading=\"lazy\" sizes=\"(min-width: 1200px) 350px, (min-width: 992px) 290px, (min-width: 768px) 210px, (min-width: 576px) 150px, calc( 50vw - 30px )\" srcset=\"https:\/\/animus-klub.de\/wordpress\/wp-content\/uploads\/2014\/04\/Goethestra\u00dfe-2-150x150.jpg 150w, https:\/\/animus-klub.de\/wordpress\/wp-content\/uploads\/2014\/04\/Goethestra\u00dfe-2-64x64.jpg 64w, https:\/\/animus-klub.de\/wordpress\/wp-content\/uploads\/2014\/04\/Goethestra\u00dfe-2-128x128.jpg 128w, https:\/\/animus-klub.de\/wordpress\/wp-content\/uploads\/2014\/04\/Goethestra\u00dfe-2-320x320.jpg 320w\" \/><div class=\"post-action btn btn-skin-dark-shaded inverted\"><a href=\"https:\/\/animus-klub.de\/wordpress\/wp-content\/uploads\/2014\/04\/Goethestra\u00dfe-2.jpg\" class=\"icn-expand\" data-lb-type=\"grouped-gallery\"><\/a><\/div>\r\n                        <\/div><\/figure>\r\n                  <\/div>\n\n<p style=\"text-align: justify;\">Vacsora k\u00f6zben azt\u00e1n besz\u00e1mol\u00f3t tartottak friss \u00e9lm\u00e9nyeikr\u0151l: Alexander a Te sz\u00fcl\u0151falud t\u00e9nyleg gy\u00f6ny\u00f6r\u0171. Hatalmas, dr\u00e1ga h\u00e1zaitok, \u00e9s nagy aut\u00f3itok vannak. N\u00e9melyik csal\u00e1dnak 3 aut\u00f3ja van. Gy\u00f6ny\u00f6r\u0171, tiszta utc\u00e1itok \u00e9s \u00e1polt kertjeitek vannak. De mondd meg nek\u00fcnk, hol vannak igaz\u00e1b\u00f3l az emberek? Mi k\u00e9t napja j\u00e1rjuk Nusslochot \u00e9s m\u00e9g senkivel nem tal\u00e1lkoztunk, akinek \u201eJ\u00f3 napot&#8221; k\u00edv\u00e1nhattunk volna! Nem l\u00e1ttunk csal\u00e1dokat, ismer\u0151s\u00f6ket, akik a kertben egy\u00fctt \u00fcln\u00e9nek, besz\u00e9lgetn\u00e9nek vagy f\u0151zn\u00e9nek. <strong>Hol vannak a Te szomsz\u00e9djaid? De mindenekel\u0151tt, hol van itt az \u00c9let?<\/strong><\/p>\n<p style=\"text-align: justify;\">Erre \u00e9n nekik ezt v\u00e1laszoltam: Ha Ti a szomsz\u00e9dokat, a t\u00e1rsas\u00e1got, a <a href=\"http:\/\/animus-klub.de\/wp-content\/uploads\/2014\/04\/Gammel-2.jpg\"><img loading=\"lazy\" class=\"alignright rahmen\" src=\"http:\/\/animus-klub.de\/wp-content\/uploads\/2014\/04\/Gammel-2-300x194.jpg\" alt=\"Gammel 2\" width=\"300\" height=\"194\" \/><\/a>k\u00f6z\u00f6ss\u00e9gi \u00e9letet keresitek, akkor sajnos haza kell, hogy menjetek, mert ezek a dolgok itt nincsenek, illetve abban a form\u00e1ban, ahogy Ti ezeket ismeritek, m\u00e1r nincsenek. Elmes\u00e9ltem nekik, itt Nu\u00dflochban sok ember, k\u00f6zvetlen szomsz\u00e9d \u00e9l \u00fagy egym\u00e1s mellett, hogy hossz\u00fa \u00e9vek \u00f3ta nem tal\u00e1lkoztak, besz\u00e9ltek egym\u00e1ssal.<\/p>\n<p style=\"text-align: justify;\">Magyar bar\u00e1taim tejesen elk\u00e9pedve, megd\u00f6bbenve n\u00e9ztek r\u00e1m, l\u00e1ttam rajtuk, nem nagyon hiszik el, nem tudj\u00e1k elhinni, amit mondtam. De az\u00e9rt besz\u00e1moltak tov\u00e1bbi benyom\u00e1saikr\u00f3l. Alexander, mi tal\u00e1ltunk egy p\u00e1r elhagyott j\u00e1tsz\u00f3teret ahol a t\u00e1bl\u00e1kon ez \u00e1llt: <strong>\u201eLabdar\u00fag\u00e1s tilos! Ker\u00e9kp\u00e1rozni tilos!, Rollerozni tilos! G\u00f6rdeszk\u00e1zni tilos!&#8221; N\u00e1latok inni m\u00e9g fagylaltot enni is tilos a j\u00e1tsz\u00f3t\u00e9ren!\u201c<\/strong> Sokkal egyszer\u0171bb, r\u00f6videbb \u00e9s \u00e9rthet\u0151bb lenne ezt ki\u00edrni: \u201eA j\u00e1tsz\u00f3t\u00e9ren <strong>j\u00e1tszani szigor\u00faan tilos!<\/strong> A szab\u00e1ly megszeg\u00e9se hat\u00f3s\u00e1gi elj\u00e1r\u00e1st von maga ut\u00e1n!&#8221; Mit lehet egy\u00e1ltal\u00e1n csin\u00e1lni?!?<\/p>\n<div id='gallery-8' class='czr-gallery row flex-row czr-gallery-style gallery galleryid-33577 gallery-columns-3 gallery-size-thumbnail'><figure class='gallery-item col col-auto'>\r\n                        <div class='gallery-icon portrait czr-gallery-icon'>\r\n                              <a href=https:\/\/animus-klub.de\/hu\/35-get-closer-weekend\/verbot-5\/ class=\"bg-link\"><\/a><img width=\"96\" height=\"96\" src=\"https:\/\/animus-klub.de\/wordpress\/wp-content\/uploads\/2014\/04\/Verbot-5-150x150.jpg\" class=\"attachment-thumbnail size-thumbnail no-lazy\" alt=\"\" loading=\"lazy\" sizes=\"(min-width: 1200px) 350px, (min-width: 992px) 290px, (min-width: 768px) 210px, (min-width: 576px) 150px, calc( 50vw - 30px )\" srcset=\"https:\/\/animus-klub.de\/wordpress\/wp-content\/uploads\/2014\/04\/Verbot-5-150x150.jpg 150w, https:\/\/animus-klub.de\/wordpress\/wp-content\/uploads\/2014\/04\/Verbot-5-64x64.jpg 64w, https:\/\/animus-klub.de\/wordpress\/wp-content\/uploads\/2014\/04\/Verbot-5-128x128.jpg 128w, https:\/\/animus-klub.de\/wordpress\/wp-content\/uploads\/2014\/04\/Verbot-5-320x320.jpg 320w\" \/><div class=\"post-action btn btn-skin-dark-shaded inverted\"><a href=\"https:\/\/animus-klub.de\/wordpress\/wp-content\/uploads\/2014\/04\/Verbot-5.jpg\" class=\"icn-expand\" data-lb-type=\"grouped-gallery\"><\/a><\/div>\r\n                        <\/div><\/figure><figure class='gallery-item col col-auto'>\r\n                        <div class='gallery-icon portrait czr-gallery-icon'>\r\n                              <a href=https:\/\/animus-klub.de\/hu\/35-get-closer-weekend\/spielplatz-4\/ class=\"bg-link\"><\/a><img width=\"96\" height=\"96\" src=\"https:\/\/animus-klub.de\/wordpress\/wp-content\/uploads\/2014\/04\/Spielplatz-4-150x150.jpg\" class=\"attachment-thumbnail size-thumbnail no-lazy\" alt=\"\" loading=\"lazy\" sizes=\"(min-width: 1200px) 350px, (min-width: 992px) 290px, (min-width: 768px) 210px, (min-width: 576px) 150px, calc( 50vw - 30px )\" srcset=\"https:\/\/animus-klub.de\/wordpress\/wp-content\/uploads\/2014\/04\/Spielplatz-4-150x150.jpg 150w, https:\/\/animus-klub.de\/wordpress\/wp-content\/uploads\/2014\/04\/Spielplatz-4-64x64.jpg 64w, https:\/\/animus-klub.de\/wordpress\/wp-content\/uploads\/2014\/04\/Spielplatz-4-128x128.jpg 128w, https:\/\/animus-klub.de\/wordpress\/wp-content\/uploads\/2014\/04\/Spielplatz-4-320x320.jpg 320w\" \/><div class=\"post-action btn btn-skin-dark-shaded inverted\"><a href=\"https:\/\/animus-klub.de\/wordpress\/wp-content\/uploads\/2014\/04\/Spielplatz-4.jpg\" class=\"icn-expand\" data-lb-type=\"grouped-gallery\"><\/a><\/div>\r\n                        <\/div><\/figure><figure class='gallery-item col col-auto'>\r\n                        <div class='gallery-icon portrait czr-gallery-icon'>\r\n                              <a href=https:\/\/animus-klub.de\/hu\/35-get-closer-weekend\/verbot-6\/ class=\"bg-link\"><\/a><img width=\"96\" height=\"96\" src=\"https:\/\/animus-klub.de\/wordpress\/wp-content\/uploads\/2014\/04\/Verbot-6-150x150.jpg\" class=\"attachment-thumbnail size-thumbnail no-lazy\" alt=\"\" loading=\"lazy\" sizes=\"(min-width: 1200px) 350px, (min-width: 992px) 290px, (min-width: 768px) 210px, (min-width: 576px) 150px, calc( 50vw - 30px )\" srcset=\"https:\/\/animus-klub.de\/wordpress\/wp-content\/uploads\/2014\/04\/Verbot-6-150x150.jpg 150w, https:\/\/animus-klub.de\/wordpress\/wp-content\/uploads\/2014\/04\/Verbot-6-64x64.jpg 64w, https:\/\/animus-klub.de\/wordpress\/wp-content\/uploads\/2014\/04\/Verbot-6-128x128.jpg 128w, https:\/\/animus-klub.de\/wordpress\/wp-content\/uploads\/2014\/04\/Verbot-6-320x320.jpg 320w\" \/><div class=\"post-action btn btn-skin-dark-shaded inverted\"><a href=\"https:\/\/animus-klub.de\/wordpress\/wp-content\/uploads\/2014\/04\/Verbot-6.jpg\" class=\"icn-expand\" data-lb-type=\"grouped-gallery\"><\/a><\/div>\r\n                        <\/div><\/figure>\r\n                  <\/div>\n\n<p style=\"text-align: justify;\">Mit v\u00e1laszolhattam volna nekik? Tal\u00e1n azt, hogy az\u00e9rt nincs teljesen igazatok, csendesen besz\u00e9lgetni, medit\u00e1lni, de f\u0151leg im\u00e1dkozni m\u00e9g szabad a gyerekeknek, ezek\u00e9rt m\u00e9g nem j\u00e1r b\u00fcntet\u00e9s&#8230;<\/p>\n<p style=\"text-align: justify;\">\u201e\u00c9s mi t\u00f6rt\u00e9nik akkor, ha a gyerekek m\u00e9gis ott fociznak vagy fagylaltoznak?\u201d k\u00e9rdezte a polg\u00e1rmester. Akkor azt kock\u00e1ztatj\u00e1k, hogy valamelyik szomsz\u00e9d kih\u00edvja a rend\u0151rs\u00e9get vagy a polg\u00e1rmesteri hivatalban panaszt tesz. Bizony\u00e1ra felt\u0171nt nektek a korhat\u00e1r is. Az elm\u00falt \u00e9vben egy 15 \u00e9ves fi\u00fa a 8 \u00e9ves \u00f6ccs\u00e9vel a j\u00e1tsz\u00f3t\u00e9ren kos\u00e1rlabd\u00e1zott, ahol csak 14 \u00e9ven aluliaknak van a j\u00e1t\u00e9k megengedve. Az egyik szomsz\u00e9d kih\u00edvta a rend\u0151rs\u00e9get, akik a nagyobbik testv\u00e9rt elzavart\u00e1k. Egy nappal k\u00e9s\u0151bb egy apa j\u00e1tszott a kisfi\u00e1val. Az ap\u00e1ra, aki nyilv\u00e1n sokkal id\u0151sebb volt, mint a 15 \u00e9ves fi\u00fa, nem h\u00edvtak rend\u0151rt. Sok ilyen eset t\u00f6rt\u00e9nt, r\u00e9g\u00f3ta gondolkodom, <strong>MI\u00c9RT<\/strong> van az, hogy sok ember emocion\u00e1lisan teljesen hideg, gyermekellenes, sz\u00e1mukra a gyerekek ny\u00fczsg\u00e9se, vid\u00e1ms\u00e1ga, kacag\u00e1sa zavar\u00f3, bosszant\u00f3, elviselhetetlen.<\/p>\n<p><strong><a href=\"http:\/\/animus-klub.de\/wp-content\/uploads\/2014\/04\/bella-studie-1.jpg\"><img loading=\"lazy\" class=\" wp-image-33946 rahmen alignleft\" src=\"http:\/\/animus-klub.de\/wp-content\/uploads\/2014\/04\/bella-studie-1.jpg\" alt=\"bella studie 1\" width=\"392\" height=\"311\" srcset=\"https:\/\/animus-klub.de\/wordpress\/wp-content\/uploads\/2014\/04\/bella-studie-1.jpg 654w, https:\/\/animus-klub.de\/wordpress\/wp-content\/uploads\/2014\/04\/bella-studie-1-300x238.jpg 300w\" sizes=\"(max-width: 392px) 100vw, 392px\" \/><\/a>A felm\u00e9r\u00e9s<\/strong><\/p>\n<p style=\"text-align: justify;\">A sajt\u00f3 m\u00e1r \u00e9vek \u00f3ta azt \u00e1ll\u00edtja, hogy n\u00e1lunk k\u00e9tszint\u0171 t\u00e1rsadalom l\u00e9tezik. Ez els\u0151 megk\u00f6zel\u00edt\u00e9sben azt jeleni, hogy az anyagiak (pl. vagyon, ingatlan, j\u00f6vedelem) alapj\u00e1n a t\u00e1rsadalom k\u00e9t nagy csoportra oszthat\u00f3: \u201eszeg\u00e9nyekre&#8221; \u00e9s \u201egazdagokra&#8221;. Munk\u00e1m folyam\u00e1n megtapasztaltam, hogy az anyagi k\u00fcl\u00f6nbs\u00e9gek mellett t\u00f6bbek k\u00f6z\u00f6tt l\u00e9tezik egy, a t\u00e1rsadalom megosztotts\u00e1g\u00e1t sz\u00e1momra sokkal kifejez\u0151bb mutat\u00f3, k\u00fcl\u00f6nbs\u00e9g. \u00dagy l\u00e1tom, \u00e9rz\u00e9kelem, van egy egyre gyarapod\u00f3, t\u00e1rsadalmunk szellemi \u00e9let\u00e9re akaratlanul is egyre jelent\u0151sebb,negat\u00edv befoly\u00e1st gyakorl\u00f3 csoport.\u00a0 Az ide tartoz\u00f3kat <strong>\u201eTeljes\u00edtm\u00e9nysz\u00f6rnyetegnek\u201c<\/strong> nevezem akik csak dolgoznak, \u00e9s akiknek kiz\u00e1r\u00f3lag a <strong>p\u00e9nz, a siker \u00e9s a st\u00e1tusz<\/strong> az \u00e9letelix\u00edrj\u00fck. Ezeknek az embereknek nincs idej\u00fck a csal\u00e1djukra,a t\u00e1rsadalom t\u00f6bbi tagj\u00e1ra. a tartalmasabb \u00e9letre. A p\u00e9nz \u00e9s a siker hajh\u00e1sz\u00e1sa k\u00f6zben \u00e9rzelmileg ki\u00fcresednek, \u00edgy ne csod\u00e1lkozzunk azon, ha gyerekeikn\u00e9l is ezt tapasztaljuk. \u00c9s ez a magatart\u00e1s \u00fagy t\u0171nik, m\u00e1r nem csak a tehet\u0151sebbekre igaz, ha nem egyre ink\u00e1bb az \u0151ket mint\u00e1ul vev\u0151, szoci\u00e1lisan l\u00e9nyegesen rosszabb helyzetben l\u00e9v\u0151kre, napi anyagi gondokkal k\u00fczd\u0151kre is.<\/p>\n<h2 style=\"text-align: center;\"><b style=\"mso-bidi-font-weight: normal;\"><span style=\"font-family: Arial; background-color: #00c200;\">Neal Morse &#8211; Worship <\/span><\/b><\/h2>\n<h2><\/h2>\n<p><center>\t<video id=\"wp_mep_6\" src=\"http:\/\/animus-klub.de\/wp-content\/uploads\/videos\/worship.mp4\"  width=\"640\" height=\"360\"  controls=\"controls\" preload=\"none\"  >\r\n\t\t\r\n\t\t\r\n\t\t\r\n\t\t\r\n\t\t\r\n\t\t\r\n\t\t\r\n\t<\/video>\r\n<script type=\"text\/javascript\">\r\njQuery(document).ready(function($) {\r\n\t$('#wp_mep_6').mediaelementplayer({\r\n\t\tm:1\r\n\t\t\r\n\t\t,features: ['playpause','current','progress','duration','volume','tracks','fullscreen']\r\n\t\t\r\n\t});\r\n});\r\n<\/script>\r\n<\/p>\n<p style=\"text-align: justify;\">Ezzel \u00f6sszef\u00fcgg\u00e9sben megfigyelhet\u0151, hogyan sil\u00e1nyul az eg\u00e9szs\u00e9ges, <a href=\"http:\/\/animus-klub.de\/wp-content\/uploads\/2014\/04\/Bericht.jpg\"><img loading=\"lazy\" class=\" wp-image-33945 alignright\" src=\"http:\/\/animus-klub.de\/wp-content\/uploads\/2014\/04\/Bericht.jpg\" alt=\"Bericht\" width=\"309\" height=\"720\" srcset=\"https:\/\/animus-klub.de\/wordpress\/wp-content\/uploads\/2014\/04\/Bericht.jpg 515w, https:\/\/animus-klub.de\/wordpress\/wp-content\/uploads\/2014\/04\/Bericht-439x1024.jpg 439w\" sizes=\"(max-width: 309px) 100vw, 309px\" \/><\/a>sz\u00e9lesk\u00f6r\u0171 k\u00edv\u00e1ncsis\u00e1gon alapul\u00f3 versenyszellem a \u201ekinek van t\u00f6bb p\u00e9nze, vagyona, modernebb, men\u0151bb cucca\u201d, \u201eki a sikeresebb\u201d hozz\u00e1\u00e1ll\u00e1sra, magatart\u00e1sra. Ebben a szellemi \u00e9rt\u00e9keknek, az ezeken val\u00f3 gondolkod\u00e1snak, t\u00f6preng\u00e9snek, a m\u00e1sokkal val\u00f3 szolidarit\u00e1snak, toleranci\u00e1nak nincs helye, az \u00f6nz\u00e9s, a minden\u00e1ron \u00e9rv\u00e9nyes\u00fcl\u00e9sa legf\u0151bb motiv\u00e1ci\u00f3. Ebben a vil\u00e1gban, ha m\u00e1sk\u00e9pp nem megy, a m\u00e1sik eltapos\u00e1sa is megengedett, elfogadott. Ez a magatart\u00e1s m\u00e1r a priv\u00e1t szf\u00e9r\u00e1ban \u00e9s a munkahelyeken is terjed, megm\u00e9rgezve a p\u00e1rkapcsolatokat, bar\u00e1ts\u00e1gokat, a kisebb-nagyobb k\u00f6z\u00f6ss\u00e9gek \u00e9let\u00e9t.<\/p>\n<p style=\"text-align: justify;\">A sporttal, futballal nagyon r\u00e9g\u00f3ta foglalkozva megfigyeltem, hogy ragad \u00e1t a gyerekekre az egyes\u00fclet vezet\u0151inek ellens\u00e9gesked\u00e9se, beteges rivaliz\u00e1l\u00e1sa, kicsinyes gy\u0171l\u00f6lk\u00f6d\u00e9se. Minden gyerek mindig csakis els\u0151 akar lenni, t\u00e1rsaiban nem ellenfelet, ink\u00e1bb <strong>ellens\u00e9get, bosszant\u00f3 akad\u00e1lyt<\/strong> l\u00e1t. (L\u00e1sd Bella tanulm\u00e1ny:)<\/p>\n<p style=\"text-align: justify;\">Ebb\u0151l csak k\u00e9t adat: a serd\u00fcl\u0151kor\u00fa gyerekek <strong>20 sz\u00e1zal\u00e9ka<\/strong> magatart\u00e1si, beilleszked\u00e9si, emocion\u00e1lis zavarokkal k\u00fczd. A <strong>13 \u00e9ves korcsoportba<\/strong> tartoz\u00f3k negyede m\u00e1r legal\u00e1bb egyszer \u00e1t\u00e9lt teljes r\u00e9szegs\u00e9get)<\/p>\n<p style=\"text-align: justify;\">A tot\u00e1lisan individualista szeml\u00e9let miatt a k\u00f6z\u00f6ss\u00e9gi l\u00e9t, az \u00f6sszetartoz\u00e1s, az egym\u00e1sra utalts\u00e1g \u00e9rz\u00e9se, az \u00e9rzelmek fontoss\u00e1ga, szem\u00e9lyis\u00e9gform\u00e1l\u00f3 szerepe durv\u00e1n le\u00e9rt\u00e9kel\u0151dik, a leger\u0151sebb motiv\u00e1ci\u00f3 a v\u00e9gs\u0151kig hajszolt teljes\u00edtm\u00e9ny, m\u00e1sok felett aratott, b\u00e1rmi \u00e1ron megszerzend\u0151 siker. T\u00e1rsadalmunk csakis ezt a fajta teljes\u00edtm\u00e9nyt \u00e9s sikert ismeri el val\u00f3di, egyed\u00fcl \u00fcdv\u00f6z\u00edt\u0151 eredm\u00e9nyk\u00e9nt \u00e9s ez\u00e9rt els\u0151sorban ezt is jutalmazza.<\/p>\n<p style=\"text-align: justify;\"><a href=\"http:\/\/animus-klub.de\/wp-content\/uploads\/2014\/04\/Bundesligatabelle.jpg\"><img loading=\"lazy\" class=\" wp-image-33954 alignleft rahmen\" src=\"http:\/\/animus-klub.de\/wp-content\/uploads\/2014\/04\/Bundesligatabelle.jpg\" alt=\"Bundesligatabelle\" width=\"176\" height=\"230\" srcset=\"https:\/\/animus-klub.de\/wordpress\/wp-content\/uploads\/2014\/04\/Bundesligatabelle.jpg 293w, https:\/\/animus-klub.de\/wordpress\/wp-content\/uploads\/2014\/04\/Bundesligatabelle-229x300.jpg 229w\" sizes=\"(max-width: 176px) 100vw, 176px\" \/><\/a>A kutat\u00e1sok vil\u00e1gosan jelzik, a t\u00falhajszolt teljes\u00edtm\u00e9ny-, sikerorient\u00e1lts\u00e1gnak a fiatalokra hossz\u00fat\u00e1von s\u00falyos k\u00e1ros\u00edt\u00f3 hat\u00e1sa van, s\u00falyos szem\u00e9lyis\u00e9gtorzul\u00e1shoz vezet. Aki nem \u00e1ll be a hatalom \u00e1ltal szisztematikusan ir\u00e1ny\u00edtott sikerhajszol\u00e1sba, az \u00e9rt\u00e9ktelen, annak a t\u00e1rsadalom h\u00e1tat ford\u00edt. Ez a szeml\u00e9let az\u00e9rt is felm\u00e9rhetetlen\u00fcl k\u00e1ros, mert m\u00e1r a gyerek sz\u00fclet\u00e9s\u00e9t\u0151l ennek rendelik al\u00e1 nevel\u00e9s\u00e9t. \u00cdgy &#8211; minden m\u00e1s f\u00f6l\u00f6tt uralkod\u00f3v\u00e1 v\u00e1lva &#8211; nagyon fiatalon kialakul \u00e9s bev\u00e9s\u0151dik, ez az \u00e9rt\u00e9krend.<\/p>\n<p style=\"text-align: justify;\">A f\u0151iskol\u00e1n, ahol szoci\u00e1lpedag\u00f3gus lettem, egyik docensem tan\u00edtotta, a teljes\u00edtm\u00e9nyt\u00e1rsadalom nem m\u00e1s, mint <strong>\u201ef\u00fcgg\u0151t\u00e1rsadalom\u201d<\/strong>, mert boldogs\u00e1gukat mindenekf\u00f6l\u00f6tt az anyagi javak halmoz\u00e1s\u00e1ban a kiz\u00e1r\u00f3lagos gy\u0151zelemben keresik \u00e9s v\u00e9lik megtal\u00e1lni. A t\u00e1rsadalom vez\u00e9relve ny\u00edltan vagy burkoltan: csak <strong>Egyetlen<\/strong> Gy\u0151ztes lehet, csakis a gy\u0151zelem\u00e9rt \u00e9rdemes \u00e9lni, csakis ennek van l\u00e9tjogosults\u00e1ga. A m\u00e1sodik, harmadik helyen v\u00e9gz\u0151 nem a m\u00e1sodik, harmadik gy\u0151ztes, \u0151k csup\u00e1n csakis Vesztesek, mindenki m\u00e1s <strong>Vesztes<\/strong>.<\/p>\n<p style=\"text-align: justify;\"><img loading=\"lazy\" class=\"alignright rahmen\" src=\"http:\/\/animus-klub.de\/wp-content\/uploads\/2014\/04\/medaillenspiegel.jpg\" alt=\"medaillenspiegel\" width=\"163\" height=\"228\" \/>F\u00e9lre\u00e9rt\u00e9s ne ess\u00e9k, nem az a gond, hogy a gyerek, a feln\u0151tt, a csapat, a n\u00e9p jobb szeretne lenni a m\u00e1sikn\u00e1l, ha gy\u0151zni akar. De nem csak gy\u0151zni kell megtan\u00edtani a gyereket, hanem vesz\u00edteni is. Az \u00e9let b\u00e1rmelyik ter\u00fclet\u00e9n meg kell tan\u00edtanunk megbecs\u00fclni a szer\u00e9nyebb teljes\u00edtm\u00e9nyt, tud\u00e1st, eredm\u00e9nyt, helyez\u00e9st, ha tisztess\u00e9ges munka van m\u00f6g\u00f6tte, Ekkor ak\u00e1r az is el\u0151fordulhat, nagyobb becs\u00fclete lehet egy nagy harcban kiv\u00edvott sokadik helyez\u00e9snek, mint egy k\u00f6nnyen szerzett gy\u0151zelemnek.<\/p>\n<p style=\"text-align: justify;\">A minden\u00e1ron gy\u0151zni elv szellem\u00e9ben nevelt gyerekn\u00e9l nem sok es\u00e9lye van m\u00e9lyebb kapcsolat, \u0151szinte tisztelet, Bar\u00e1ts\u00e1g kialakul\u00e1s\u00e1nak sem, mert ezek elengedhetetlen el\u0151felt\u00e9tele a m\u00e1sik ir\u00e1nti \u0151szinte k\u00edv\u00e1ncsis\u00e1g, a m\u00e1sik meg\u00e9rt\u00e9s\u00e9nek, elfogad\u00e1s\u00e1nak a k\u00e9pess\u00e9ge, ha kell, a saj\u00e1t k\u00f6zvetlen \u00e9rdekr\u0151l lemondva a m\u00e1sik\u00e9rt, m\u00e1sok\u00e9rt \u00e1ldozatot hozni tud\u00e1s.<\/p>\n<p style=\"text-align: justify;\">Egy ilyen k\u00f6z\u00f6ss\u00e9g megteremt\u00e9s\u00e9nek gondolata vez\u00e9relt, amikor a k\u00f6zs\u00e9gben, ahol sz\u00fclettem, l\u00e9trehoztam egy szabadid\u0151- \u00e9s j\u00e1t\u00e9kegyes\u00fcletet. N\u00e1lunk Senki nem lehet len\u00e9zve, kik\u00f6z\u00f6s\u00edtve, a j\u00e1t\u00e9kokban fontos a gy\u0151zelem, de m\u00e9g fontosabb a j\u00e1tsz\u00f3t\u00e1rsak tisztelete, ak\u00e1r gy\u0151ztesek, ak\u00e1r vesztesek.<\/p>\n<div id='gallery-9' class='czr-gallery row flex-row czr-gallery-style gallery galleryid-33577 gallery-columns-3 gallery-size-thumbnail'><figure class='gallery-item col col-auto'>\r\n                        <div class='gallery-icon portrait czr-gallery-icon'>\r\n                              <a href=https:\/\/animus-klub.de\/hu\/25-lego-workshop\/technoseum\/ class=\"bg-link\"><\/a><img width=\"96\" height=\"96\" src=\"https:\/\/animus-klub.de\/wordpress\/wp-content\/uploads\/2014\/02\/Technoseum-150x150.jpg\" class=\"attachment-thumbnail size-thumbnail no-lazy\" alt=\"\" loading=\"lazy\" sizes=\"(min-width: 1200px) 350px, (min-width: 992px) 290px, (min-width: 768px) 210px, (min-width: 576px) 150px, calc( 50vw - 30px )\" srcset=\"https:\/\/animus-klub.de\/wordpress\/wp-content\/uploads\/2014\/02\/Technoseum-150x150.jpg 150w, https:\/\/animus-klub.de\/wordpress\/wp-content\/uploads\/2014\/02\/Technoseum-64x64.jpg 64w, https:\/\/animus-klub.de\/wordpress\/wp-content\/uploads\/2014\/02\/Technoseum-128x128.jpg 128w, https:\/\/animus-klub.de\/wordpress\/wp-content\/uploads\/2014\/02\/Technoseum-320x320.jpg 320w\" \/><div class=\"post-action btn btn-skin-dark-shaded inverted\"><a href=\"https:\/\/animus-klub.de\/wordpress\/wp-content\/uploads\/2014\/02\/Technoseum.jpg\" class=\"icn-expand\" data-lb-type=\"grouped-gallery\"><\/a><\/div>\r\n                        <\/div><\/figure><figure class='gallery-item col col-auto'>\r\n                        <div class='gallery-icon landscape czr-gallery-icon'>\r\n                              <a href=https:\/\/animus-klub.de\/hu\/28-barbe-neige-a-ludwigshafen\/hack-2\/ class=\"bg-link\"><\/a><img width=\"96\" height=\"96\" src=\"https:\/\/animus-klub.de\/wordpress\/wp-content\/uploads\/2014\/02\/Hack-2-150x150.jpg\" class=\"attachment-thumbnail size-thumbnail no-lazy\" alt=\"\" loading=\"lazy\" sizes=\"(min-width: 1200px) 350px, (min-width: 992px) 290px, (min-width: 768px) 210px, (min-width: 576px) 150px, calc( 50vw - 30px )\" srcset=\"https:\/\/animus-klub.de\/wordpress\/wp-content\/uploads\/2014\/02\/Hack-2-150x150.jpg 150w, https:\/\/animus-klub.de\/wordpress\/wp-content\/uploads\/2014\/02\/Hack-2-64x64.jpg 64w, https:\/\/animus-klub.de\/wordpress\/wp-content\/uploads\/2014\/02\/Hack-2-128x128.jpg 128w, https:\/\/animus-klub.de\/wordpress\/wp-content\/uploads\/2014\/02\/Hack-2-320x320.jpg 320w\" \/><div class=\"post-action btn btn-skin-dark-shaded inverted\"><a href=\"https:\/\/animus-klub.de\/wordpress\/wp-content\/uploads\/2014\/02\/Hack-2.jpg\" class=\"icn-expand\" data-lb-type=\"grouped-gallery\"><\/a><\/div>\r\n                        <\/div><\/figure><figure class='gallery-item col col-auto'>\r\n                        <div class='gallery-icon portrait czr-gallery-icon'>\r\n                              <a href=https:\/\/animus-klub.de\/hu\/31-andrej-usatschow\/andrej-usatschow-1\/ class=\"bg-link\"><\/a><img width=\"96\" height=\"96\" src=\"https:\/\/animus-klub.de\/wordpress\/wp-content\/uploads\/2014\/02\/Andrej-Usatschow-1-150x150.jpg\" class=\"attachment-thumbnail size-thumbnail no-lazy\" alt=\"\" loading=\"lazy\" sizes=\"(min-width: 1200px) 350px, (min-width: 992px) 290px, (min-width: 768px) 210px, (min-width: 576px) 150px, calc( 50vw - 30px )\" srcset=\"https:\/\/animus-klub.de\/wordpress\/wp-content\/uploads\/2014\/02\/Andrej-Usatschow-1-150x150.jpg 150w, https:\/\/animus-klub.de\/wordpress\/wp-content\/uploads\/2014\/02\/Andrej-Usatschow-1-64x64.jpg 64w, https:\/\/animus-klub.de\/wordpress\/wp-content\/uploads\/2014\/02\/Andrej-Usatschow-1-128x128.jpg 128w, https:\/\/animus-klub.de\/wordpress\/wp-content\/uploads\/2014\/02\/Andrej-Usatschow-1-320x320.jpg 320w\" \/><div class=\"post-action btn btn-skin-dark-shaded inverted\"><a href=\"https:\/\/animus-klub.de\/wordpress\/wp-content\/uploads\/2014\/02\/Andrej-Usatschow-1.jpg\" class=\"icn-expand\" data-lb-type=\"grouped-gallery\"><\/a><\/div>\r\n                        <\/div><\/figure>\r\n                  <\/div>\n\n<p style=\"text-align: justify;\">Klubunkat \u2013 az ihletet budapesti t\u00e1rsklubunk adta &#8211; Animus n\u00e9vre kereszteltem. (Az animus latin sz\u00f3 jelent\u00e9se:l\u00e9lek, tehets\u00e9g, szellem, \u00e9rtelem, k\u00edv\u00e1ncsis\u00e1g, \u00e9leter\u0151, term\u00e9szet,\u00f6ntudat, eszm\u00e9let, eml\u00e9kezet, gondolat, sz\u00edv, \u00e9rzelem.)<\/p>\n<p style=\"text-align: justify;\">A n\u00e9vv\u00e1laszt\u00e1s nem v\u00e9letlen\u00fcl t\u00f6rt\u00e9nt. \u00dagy gondolom, a mi t\u00e1rsadalmunkban jelenleg a l\u00e9leknek, k\u00edv\u00e1ncsis\u00e1gnak, szellemnek, gondolatnak, sz\u00edvnek, \u00e9rz\u00e9kenys\u00e9gnek, \u00e9rzelemnek nincs igaz\u00e1n keletje. Klubunk hitvall\u00e1sa \u00e9s szab\u00e1lyzata egyszer\u0171. A sz\u00fcl\u00f6k, de f\u0151leg a gyerekek megszavazz\u00e1k, milyen programokat szeretn\u00e9nek, \u00e9s amit tudunk, megval\u00f3s\u00edtunk ezekb\u0151l. N\u00e1lunk nem az egy\u00e9n dics\u0151s\u00e9ge a legfontosabb, hanem az \u0151t seg\u00edt\u0151 K\u00d6Z\u00d6SS\u00c9G, vagyis mindny\u00e1junk sikere. N\u00e1lunk nem p\u00e9nzt, materi\u00e1lis vagyont, hanem -hosszabb t\u00e1von &#8211; ak\u00e1r \u00e9letre sz\u00f3l\u00f3 \u00e9rzelmi-szellemi gazdagod\u00e1st lehet nyerni. Ezt semmilyen bajnoki c\u00edm nem p\u00f3tolhatja.<br \/>\nB\u00e1r t\u00f6bbmint f\u00e9l \u00e9ve l\u00e9tezik a klub Nu\u00dflochban, \u00e9s rengeteg id\u0151t \u00e9s energi\u00e1t \u00e1ldoztam r\u00e1, m\u00e9g mindig nagyon kevesen vagyunk. Nu\u00dflochban \u2013 az okot nem tudom, de sejt\u00e9seim vannak \u2013 a n\u00e9met \u00e1tlag van sz\u00edvb\u0151l, l\u00e9lekb\u0151l, szellemb\u0151l, k\u00e9pzel\u0151er\u0151b\u0151l, k\u00edv\u00e1ncsis\u00e1gb\u00f3l, b\u00e1tors\u00e1gb\u00f3l. Ezt t\u00f6bb t\u00e9nnyel is al\u00e1 tudom t\u00e1masztani.<\/p>\n<div id='gallery-10' class='czr-gallery row flex-row czr-gallery-style gallery galleryid-33577 gallery-columns-3 gallery-size-thumbnail'><figure class='gallery-item col col-auto'>\r\n                        <div class='gallery-icon landscape czr-gallery-icon'>\r\n                              <a href=https:\/\/animus-klub.de\/hu\/1-mercedes-benz-museum-2013\/30er\/ class=\"bg-link\"><\/a><img width=\"96\" height=\"96\" src=\"https:\/\/animus-klub.de\/wordpress\/wp-content\/uploads\/2013\/06\/30er-150x150.jpg\" class=\"attachment-thumbnail size-thumbnail no-lazy\" alt=\"\" loading=\"lazy\" sizes=\"(min-width: 1200px) 350px, (min-width: 992px) 290px, (min-width: 768px) 210px, (min-width: 576px) 150px, calc( 50vw - 30px )\" srcset=\"https:\/\/animus-klub.de\/wordpress\/wp-content\/uploads\/2013\/06\/30er-150x150.jpg 150w, https:\/\/animus-klub.de\/wordpress\/wp-content\/uploads\/2013\/06\/30er-64x64.jpg 64w, https:\/\/animus-klub.de\/wordpress\/wp-content\/uploads\/2013\/06\/30er-128x128.jpg 128w, https:\/\/animus-klub.de\/wordpress\/wp-content\/uploads\/2013\/06\/30er-320x320.jpg 320w\" \/><div class=\"post-action btn btn-skin-dark-shaded inverted\"><a href=\"https:\/\/animus-klub.de\/wordpress\/wp-content\/uploads\/2013\/06\/30er.jpg\" class=\"icn-expand\" data-lb-type=\"grouped-gallery\"><\/a><\/div>\r\n                        <\/div><\/figure><figure class='gallery-item col col-auto'>\r\n                        <div class='gallery-icon portrait czr-gallery-icon'>\r\n                              <a href=https:\/\/animus-klub.de\/hu\/4-14-internationales-strassentheater\/theatro-s\/ class=\"bg-link\"><\/a><img width=\"96\" height=\"96\" src=\"https:\/\/animus-klub.de\/wordpress\/wp-content\/uploads\/2013\/08\/Theatro-s\u00f3-150x150.jpg\" class=\"attachment-thumbnail size-thumbnail no-lazy\" alt=\"\" loading=\"lazy\" sizes=\"(min-width: 1200px) 350px, (min-width: 992px) 290px, (min-width: 768px) 210px, (min-width: 576px) 150px, calc( 50vw - 30px )\" srcset=\"https:\/\/animus-klub.de\/wordpress\/wp-content\/uploads\/2013\/08\/Theatro-s\u00f3-150x150.jpg 150w, https:\/\/animus-klub.de\/wordpress\/wp-content\/uploads\/2013\/08\/Theatro-s\u00f3-64x64.jpg 64w, https:\/\/animus-klub.de\/wordpress\/wp-content\/uploads\/2013\/08\/Theatro-s\u00f3-128x128.jpg 128w, https:\/\/animus-klub.de\/wordpress\/wp-content\/uploads\/2013\/08\/Theatro-s\u00f3-320x320.jpg 320w\" \/><div class=\"post-action btn btn-skin-dark-shaded inverted\"><a href=\"https:\/\/animus-klub.de\/wordpress\/wp-content\/uploads\/2013\/08\/Theatro-s\u00f3.jpg\" class=\"icn-expand\" data-lb-type=\"grouped-gallery\"><\/a><\/div>\r\n                        <\/div><\/figure><figure class='gallery-item col col-auto'>\r\n                        <div class='gallery-icon landscape czr-gallery-icon'>\r\n                              <a href=https:\/\/animus-klub.de\/hu\/band-1\/ class=\"bg-link\"><\/a><img width=\"96\" height=\"96\" src=\"https:\/\/animus-klub.de\/wordpress\/wp-content\/uploads\/2014\/04\/Band-1-150x150.jpg\" class=\"attachment-thumbnail size-thumbnail no-lazy\" alt=\"\" loading=\"lazy\" sizes=\"(min-width: 1200px) 350px, (min-width: 992px) 290px, (min-width: 768px) 210px, (min-width: 576px) 150px, calc( 50vw - 30px )\" srcset=\"https:\/\/animus-klub.de\/wordpress\/wp-content\/uploads\/2014\/04\/Band-1-150x150.jpg 150w, https:\/\/animus-klub.de\/wordpress\/wp-content\/uploads\/2014\/04\/Band-1-64x64.jpg 64w, https:\/\/animus-klub.de\/wordpress\/wp-content\/uploads\/2014\/04\/Band-1-128x128.jpg 128w, https:\/\/animus-klub.de\/wordpress\/wp-content\/uploads\/2014\/04\/Band-1-320x320.jpg 320w\" \/><div class=\"post-action btn btn-skin-dark-shaded inverted\"><a href=\"https:\/\/animus-klub.de\/wordpress\/wp-content\/uploads\/2014\/04\/Band-1.jpg\" class=\"icn-expand\" data-lb-type=\"grouped-gallery\"><\/a><\/div>\r\n                        <\/div><\/figure>\r\n                  <\/div>\n\n<p><\/center><\/p>\n<p style=\"text-align: justify;\">Janu\u00e1rban p\u00e9ld\u00e1ul egy ingyenes jegyet sorsoltunk ki a gyermekegyetemen val\u00f3 r\u00e9szv\u00e9tel\u00e9re. A nyertes a szomsz\u00e9d k\u00f6zs\u00e9gb\u0151l j\u00f6tt. Febru\u00e1rban <strong>3 szabadk\u00e1rty\u00e1t<\/strong> sorsoltunk ki egy koncertre \u00e9s szem\u00e9lyes tal\u00e1lkoz\u00e1st szerveztem a volt <strong>Genesis<\/strong> \u00e9nekessel, <strong>Ray Wilsonnal<\/strong>. A nyertesek ism\u00e9t nem nusslochiak voltak.<\/p>\n<p style=\"text-align: justify;\">K\u00e9t h\u00e9ttel ezel\u0151tt lehet\u0151s\u00e9get biztos\u00edtottunk a nusslochi fiataloknak a <strong>Transatlantic <\/strong>egy\u00fcttest meginterj\u00favolni \u00e9s az azt k\u00f6vet\u0151koncerten<strong> ingyen<\/strong> r\u00e9szt venni. A k\u00f6rny\u00e9k \u00f6sszes iskol\u00e1j\u00e1nak sz\u00f3ltunk, a zenetagozatosoknak k\u00fcl\u00f6n is. Nu\u00dflochb\u00f3l <strong>SENKI<\/strong> nem jelentkezett\u2026 Nekik semmit nem mondott, hogy \u00e9l\u0151ben l\u00e1thatj\u00e1k a vil\u00e1g egyik <strong>legjobb dobos\u00e1t<\/strong>, Mike Portnoy-t, s\u0151t besz\u00e9lhetnek is vele. (Portnoy <strong>12-szer<\/strong> nyerte el az \u00e9v legjobb progressz\u00edv dobosa c\u00edmet \u00e9s <strong>k\u00e9tszer<\/strong> \u0151 kapta meg a legjobb oktat\u00f3-nevel\u0151 DVD elk\u00e9sz\u00edt\u00e9s\u00e9rt j\u00e1r\u00f3 elismer\u00e9st.)<\/p>\n<h2 style=\"text-align: center;\"><b style=\"mso-bidi-font-weight: normal;\"><span style=\"font-family: Arial; background-color: #00c200;\"> Mike Portnoy \u2013 Unbelievable Drum Solo <\/span><\/b><\/h2>\n<p><iframe loading=\"lazy\"  id=\"_ytid_92997\"  width=\"500\" height=\"300\"  data-origwidth=\"500\" data-origheight=\"300\" src=\"https:\/\/www.youtube-nocookie.com\/embed\/KGDfFH-zsDs?enablejsapi=1&#038;autoplay=0&#038;cc_load_policy=0&#038;cc_lang_pref=&#038;iv_load_policy=3&#038;loop=0&#038;modestbranding=1&#038;rel=0&#038;fs=1&#038;playsinline=0&#038;autohide=2&#038;theme=light&#038;color=red&#038;controls=1&#038;\" class=\"__youtube_prefs__  epyt-is-override  no-lazyload\" title=\"YouTube player\"  allow=\"accelerometer; autoplay; clipboard-write; encrypted-media; gyroscope; picture-in-picture\" allowfullscreen data-no-lazy=\"1\" data-skipgform_ajax_framebjll=\"\"><\/iframe><\/p>\n<p style=\"text-align: justify;\">Nehezen tudom kifejezni, mennyire f\u00e1jt Randy Georgnak elmondani, hogy a k\u00f6zs\u00e9g\u00fcnkben teljes k\u00f6z\u00f6ny fogadta a programot, csak 2 klubos gyerekkel j\u00f6ttem, mert a t\u00f6bbieknek indokl\u00e1s n\u00e9lk\u00fcl megtiltott\u00e1k sz\u00fcleik a r\u00e9szv\u00e9telt. T\u00f6bben megk\u00e9rdezt\u00e9k, ha ekkora k\u00f6z\u00f6ny van, ennyire nem \u00e9rt\u00e9kelik Nu\u00dflochban a heti sz\u00ednes besz\u00e1mol\u00f3kat, riportokat, a klubos gyerekekkel \u00e9s sz\u00fcleikkel v\u00e9gzett munk\u00e1t, akkor mi\u00e9rt teszek bele ekkora energi\u00e1t, mi\u00e9rt nem adom fel? Azt v\u00e1laszoltam, hogy a besz\u00e1mol\u00f3kat m\u00e1r nem a nusslochiaknak \u00edrom, hanem KIZ\u00c1R\u00d2LAG a gyerekeknek \u00e9s sz\u00fcleiknek, akik a programokon r\u00e9szt vettek, illetve azoknak, akik december 20-a \u00f3ta rendszeresen, h\u0171s\u00e9gesen r\u00e1keresnek internetoldalunkra.<\/p>\n<p style=\"text-align: justify;\">Tegnap egy sz\u00f3nok azt mondta, l\u00e9nyegesen nehezebb J\u00f3t, mint Helyeset tenni. \u00c9n nem tudom, hogy a Klub l\u00e9trehoz\u00e1sa \u201ehelyes\u201d cselekedet volt-e, ahogy azt sem tudom, hogy az \u00e9n k\u00f6zs\u00e9gem, Nu\u00dfloch egy\u00e1ltal\u00e1n olyan hely-e, ahol megengedik \u00e9s \u201ehelyesnek\u201d tartj\u00e1k sz\u00e9p programokat l\u00e9trehoz\u00e1s\u00e1t. De egyet tudok: \u00e9n \u201eJ\u00f3\u201d dolgot csin\u00e1lok, m\u00e9g akkor is, ha ez egyesek szerint valamilyen szempontb\u00f3l nem \u201ehelyes\u201d.<\/p>\n<h2 style=\"text-align: center;\"><b style=\"mso-bidi-font-weight: normal;\"><span style=\"font-family: Arial; background-color: #00c200;\"> Neal Morse &#8211; Mighty To Save <\/span><\/b><\/h2>\n\t<video id=\"wp_mep_7\" src=\"http:\/\/animus-klub.de\/wp-content\/uploads\/videos\/mighty_save.mp4\"  width=\"640\" height=\"360\"  controls=\"controls\" preload=\"none\"  >\r\n\t\t\r\n\t\t\r\n\t\t\r\n\t\t\r\n\t\t\r\n\t\t\r\n\t\t\r\n\t<\/video>\r\n<script type=\"text\/javascript\">\r\njQuery(document).ready(function($) {\r\n\t$('#wp_mep_7').mediaelementplayer({\r\n\t\tm:1\r\n\t\t\r\n\t\t,features: ['playpause','current','progress','duration','volume','tracks','fullscreen']\r\n\t\t\r\n\t});\r\n});\r\n<\/script>\r\n\n<p style=\"text-align: justify;\">De a J\u00f3 l\u00e9trehoz\u00e1s\u00e1hoz sok er\u0151 kell, \u00e9s tal\u00e1n m\u00e9g t\u00f6bb a csal\u00f3d\u00e1sokhoz.<br \/>\nEgy p\u00e1r h\u00e9ttel ezel\u0151tt a ludwigshafeni telev\u00edzi\u00f3b\u00f3l \u00e9rtes\u00edtet kaptunk, szeretn\u00e9nek a nusslochi ifj\u00fas\u00e1gi munk\u00e1r\u00f3l sz\u00f3l\u00f3 hosszabb besz\u00e9lget\u00e9s keret\u00e9ben az egyik riportfilm\u00fcnkb\u0151l egy r\u00e9szletet leadni. Mivel a k\u00f6zs\u00e9g\u00fcnkben ez az ad\u00f3 nem foghat\u00f3, kib\u00e9relt\u00fck a ludwigshafeni f\u0151iskola aul\u00e1j\u00e1t k\u00f6rbeplak\u00e1toztuk eg\u00e9sz Nu\u00dflochot szeretettel megh\u00edvva a nu\u00dflochi polg\u00e1rokat \u00e9s szem\u00e9lyesen \u00e9rtes\u00edtve a politikai elitet. Csak egyszer\u0171 visszajelz\u00e9st k\u00e9rtem, a hely befogad\u00f3k\u00e9pess\u00e9ge miatt. Az eg\u00e9sz k\u00f6zs\u00e9gb\u0151l SENKI nem jelentkezett, vagyis a nu\u00dflochi feln\u0151tteket, sz\u00fcl\u0151ket abszol\u00fat nem \u00e9rdekelte, mit tudunk ny\u00fajtani gyerekeiknek. De lehet-e ezen akkor igaz\u00e1n csod\u00e1lkozni, ha a k\u00f6zs\u00e9g fiataljainak szellemi fejl\u0151d\u00e9s\u00e9\u00e9rt, kultur\u00e1lis \u00e9let\u00e9\u00e9rt politikailag, de m\u00e9g ink\u00e1bb emberileg felel\u0151s politikusok \u2013 nekem sz\u00f3ban cinikusan \u201esok sikert\u201d k\u00edv\u00e1nva &#8211; tudatosan t\u00e1vol tartott\u00e1k magukat? A tot\u00e1lis k\u00f6z\u00f6nyre val\u00f3 tekintettel lemondtam a rendezv\u00e9nyt.<\/p>\n<p style=\"text-align: justify;\">Vajon megfordult-e b\u00e1rmelyik politikai prominens\u00fcnk fej\u00e9ben, hogy magatart\u00e1sukkal abszol\u00fat negat\u00edv mint\u00e1t mutatnak? Megfordult-e a fej\u00fckben, mekkora csal\u00f3d\u00e1st okoznak azoknak a gyerekeknek, akik rengeteg munk\u00e1t \u00f6ltek bele abba, hogy a klubunk minden neh\u00e9zs\u00e9g ellen\u00e9re l\u00e9tezik-l\u00e9tezzen m\u00e9g? Vezet\u0151ink azt adt\u00e1k tudtul a gyerekeknek: teljesen \u00e9rt\u00e9ktelen, felesleges, \u00e9rtelmetlen, amit csin\u00e1ltok, nincs sz\u00fcks\u00e9g\u00fcnk ifj\u00fas\u00e1gi klubokra,k\u00f6z\u00f6ss\u00e9gekre, sajn\u00e1ljuk, de sz\u00e1munkra a k\u00f6z\u00f6ss\u00e9g\u00e9rt v\u00e9gzett munka \u00e9s a k\u00f6z\u00f6ss\u00e9gi l\u00e9t nem \u00e9rt\u00e9k, ez\u00e9rt ne is sz\u00e1m\u00edtsatok semmilyen t\u00e1mogat\u00e1sra.<\/p>\n<h2 style=\"text-align: center;\"><b style=\"mso-bidi-font-weight: normal;\"><span style=\"font-family: Arial; background-color: #00c200;\"> Real Tears For Sale <\/span><\/b><\/h2>\n<p><iframe loading=\"lazy\"  id=\"_ytid_41928\"  width=\"500\" height=\"300\"  data-origwidth=\"500\" data-origheight=\"300\" src=\"https:\/\/www.youtube-nocookie.com\/embed\/LvWgOUMnBNQ?enablejsapi=1&#038;autoplay=0&#038;cc_load_policy=0&#038;cc_lang_pref=&#038;iv_load_policy=3&#038;loop=0&#038;modestbranding=1&#038;rel=0&#038;fs=1&#038;playsinline=0&#038;autohide=2&#038;theme=light&#038;color=red&#038;controls=1&#038;\" class=\"__youtube_prefs__  epyt-is-override  no-lazyload\" title=\"YouTube player\"  allow=\"accelerometer; autoplay; clipboard-write; encrypted-media; gyroscope; picture-in-picture\" allowfullscreen data-no-lazy=\"1\" data-skipgform_ajax_framebjll=\"\"><\/iframe><\/p>\n<p style=\"text-align: justify;\">Egy elkeseredett pillanatomban eszembe jutott a Marillion egyik dala, a \u201e<strong>Real tears Sale<\/strong>\u201c( Igaz k\u00f6nnyek elad\u00f3k).Teh\u00e1t aki igaz k\u00f6nnyeket akar v\u00e1s\u00e1rolni csak Nusslochba, hozz\u00e1m kell j\u00f6nnie. Huszon\u00f6t \u00e9v f\u00e1jdalm\u00e1nak, gy\u00f6tr\u0151d\u00e9s\u00e9nek keser\u0171 \u00e9s igaz k\u00f6nnyeit \u0151rz\u00f6m a sz\u00edvemben. Nem csak az eny\u00e9met, rengeteg szerencs\u00e9tlen gyerek\u00e9t is. F\u00e9lek, nem sok f\u00e9r m\u00e1r a sz\u00edvembe, ha t\u00falcsordul, megszakad. J\u00f6jj\u00f6n mindenki, akinek igaz k\u00f6nnyek kellenek, \u00e9rt\u00e9k\u00e9t nem lehet p\u00e9nzben kifejezni. J\u00f6jj\u00f6n mindenki, aki nem tudja, milyenek az igaz k\u00f6nnyek, milyen csod\u00e1kra k\u00e9pesek, hogy oldj\u00e1k fel a rideg\u00f6nz\u00e9s betonp\u00e1nc\u00e9lj\u00e1t.\u00a0 Nem k\u00e9rek \u00e9rte semmit. Gyertek, am\u00edg nem k\u00e9s\u0151!<\/p>\n<p style=\"text-align: justify;\">K\u00f6sz\u00f6n\u00f6m, hogy meghallgattatok.<\/p>\n<p style=\"text-align: justify;\">Ezut\u00e1n Neal Morse j\u00e1tszott a TRANSATLANTIC sz\u00e1m \u201e<strong>We all need some light<\/strong>\u201d (Mindenkinek kell f\u00e9ny)<\/p>\n<h2 style=\"text-align: center;\"><b style=\"mso-bidi-font-weight: normal;\"><span style=\"font-family: Arial; background-color: #00c200;\"> We All Need Some Light <\/span><\/b><\/h2>\n<p><iframe loading=\"lazy\"  id=\"_ytid_66239\"  width=\"500\" height=\"300\"  data-origwidth=\"500\" data-origheight=\"300\" src=\"https:\/\/www.youtube-nocookie.com\/embed\/D00q0yhmYZo?enablejsapi=1&#038;autoplay=0&#038;cc_load_policy=0&#038;cc_lang_pref=&#038;iv_load_policy=3&#038;loop=0&#038;modestbranding=1&#038;rel=0&#038;fs=1&#038;playsinline=0&#038;autohide=2&#038;theme=light&#038;color=red&#038;controls=1&#038;\" class=\"__youtube_prefs__  epyt-is-override  no-lazyload\" title=\"YouTube player\"  allow=\"accelerometer; autoplay; clipboard-write; encrypted-media; gyroscope; picture-in-picture\" allowfullscreen data-no-lazy=\"1\" data-skipgform_ajax_framebjll=\"\"><\/iframe><\/p>\n<p align=\"center\"><b>\u00a0<\/b><\/p>\n<p><\/p>\n<p class=\"datum entry-meta\">04. \u00e1prilis 2014<\/p>","protected":false},"excerpt":{"rendered":"<p>Neal Morse \u00e9s csal\u00e1dja ism\u00e9t elgondolkodtat\u00f3 gospelekkel, sok-sok rem\u00e9nnyel \u00e9s szellemi er\u0151velaj\u00e1nd\u00e9kozott meg minketa mostani \u201eGet-Closer-Weekend&#8221; alkalm\u00e1val (&#8216;Ker\u00fclj k\u00f6zelebb Istenhez h\u00e9tv\u00e9g\u00e9n!&#8217;) K\u00f6r\u00fclbel\u00fcl 2 h\u00e9ttel a k\u00f6zel 3 \u00f3r\u00e1s progressz\u00edvkoncert ut\u00e1n Keltersbachban a Transatlantic egy\u00fcttesvezet\u0151je, Neal Morse (\u00e9nek, git\u00e1r, billenty\u0171) \u00e9s csal\u00e1dja bar\u00e1taikkal egy majd 13 \u00f3r\u00e1s \u201eGet-Closer-Meeting\u201c-et celebr\u00e1lt. Az eg\u00e9sz Eur\u00f3p\u00e1b\u00f3l \u00f6sszegy\u0171lt jelenl\u00e9v\u0151k nem csak [&hellip;]<\/p>\n","protected":false},"author":33,"featured_media":33542,"comment_status":"closed","ping_status":"closed","sticky":false,"template":"","format":"standard","meta":{"_mi_skip_tracking":false},"categories":[10],"tags":[20,52],"yoast_head":"<!-- This site is optimized with the Yoast SEO plugin v19.8 - https:\/\/yoast.com\/wordpress\/plugins\/seo\/ -->\n<title>Ker\u00fcl k\u00f6zelebb Istenhez h\u00e9tv\u00e9g\u00e9n &bull; Animus Klub \u2022 Der Freizeitklub in der Metropolregion Rhein-Neckar<\/title>\n<meta name=\"robots\" content=\"index, follow, max-snippet:-1, max-image-preview:large, max-video-preview:-1\" \/>\n<link rel=\"canonical\" href=\"https:\/\/animus-klub.de\/35-get-closer-weekend\/\" \/>\n<meta property=\"og:locale\" content=\"hu_HU\" \/>\n<meta property=\"og:type\" content=\"article\" \/>\n<meta property=\"og:title\" content=\"Ker\u00fcl k\u00f6zelebb Istenhez h\u00e9tv\u00e9g\u00e9n &bull; Animus Klub \u2022 Der Freizeitklub in der Metropolregion Rhein-Neckar\" \/>\n<meta property=\"og:description\" content=\"Neal Morse \u00e9s csal\u00e1dja ism\u00e9t elgondolkodtat\u00f3 gospelekkel, sok-sok rem\u00e9nnyel \u00e9s szellemi er\u0151velaj\u00e1nd\u00e9kozott meg minketa mostani \u201eGet-Closer-Weekend&#8221; alkalm\u00e1val (&#8216;Ker\u00fclj k\u00f6zelebb Istenhez h\u00e9tv\u00e9g\u00e9n!&#8217;) K\u00f6r\u00fclbel\u00fcl 2 h\u00e9ttel a k\u00f6zel 3 \u00f3r\u00e1s progressz\u00edvkoncert ut\u00e1n Keltersbachban a Transatlantic egy\u00fcttesvezet\u0151je, Neal Morse (\u00e9nek, git\u00e1r, billenty\u0171) \u00e9s csal\u00e1dja bar\u00e1taikkal egy majd 13 \u00f3r\u00e1s \u201eGet-Closer-Meeting\u201c-et celebr\u00e1lt. Az eg\u00e9sz Eur\u00f3p\u00e1b\u00f3l \u00f6sszegy\u0171lt jelenl\u00e9v\u0151k nem csak [&hellip;]\" \/>\n<meta property=\"og:url\" content=\"https:\/\/animus-klub.de\/35-get-closer-weekend\/\" \/>\n<meta property=\"og:site_name\" content=\"Animus Klub \u2022 Der Freizeitklub in der Metropolregion Rhein-Neckar\" \/>\n<meta property=\"article:publisher\" content=\"https:\/\/www.facebook.com\/animusklub\/\" \/>\n<meta property=\"article:published_time\" content=\"2014-04-04T02:30:31+00:00\" \/>\n<meta property=\"article:modified_time\" content=\"2020-07-12T13:14:23+00:00\" \/>\n<meta property=\"og:image\" content=\"https:\/\/animus-klub.de\/wordpress\/wp-content\/uploads\/2014\/04\/Band-3.jpg\" \/>\n\t<meta property=\"og:image:width\" content=\"1200\" \/>\n\t<meta property=\"og:image:height\" content=\"900\" \/>\n\t<meta property=\"og:image:type\" content=\"image\/jpeg\" \/>\n<meta name=\"author\" content=\"Alexander H\u00f6fer\" \/>\n<meta name=\"twitter:card\" content=\"summary_large_image\" \/>\n<meta name=\"twitter:label1\" content=\"Szerz\u0151:\" \/>\n\t<meta name=\"twitter:data1\" content=\"Alexander H\u00f6fer\" \/>\n\t<meta name=\"twitter:label2\" content=\"Becs\u00fclt olvas\u00e1si id\u0151\" \/>\n\t<meta name=\"twitter:data2\" content=\"47 perc\" \/>\n<script type=\"application\/ld+json\" class=\"yoast-schema-graph\">{\"@context\":\"https:\/\/schema.org\",\"@graph\":[{\"@type\":\"Article\",\"@id\":\"https:\/\/animus-klub.de\/35-get-closer-weekend\/#article\",\"isPartOf\":{\"@id\":\"https:\/\/animus-klub.de\/35-get-closer-weekend\/\"},\"author\":{\"name\":\"Alexander H\u00f6fer\",\"@id\":\"https:\/\/animus-klub.de\/#\/schema\/person\/1ed8b8e707775dde5546a0a381e1734e\"},\"headline\":\"Ker\u00fcl k\u00f6zelebb Istenhez h\u00e9tv\u00e9g\u00e9n\",\"datePublished\":\"2014-04-04T02:30:31+00:00\",\"dateModified\":\"2020-07-12T13:14:23+00:00\",\"mainEntityOfPage\":{\"@id\":\"https:\/\/animus-klub.de\/35-get-closer-weekend\/\"},\"wordCount\":9400,\"publisher\":{\"@id\":\"https:\/\/animus-klub.de\/#organization\"},\"keywords\":[\"Musik\",\"Wir sprechen Klartext\"],\"articleSection\":[\"Rathaus Rundschau\"],\"inLanguage\":\"hu\"},{\"@type\":\"WebPage\",\"@id\":\"https:\/\/animus-klub.de\/35-get-closer-weekend\/\",\"url\":\"https:\/\/animus-klub.de\/35-get-closer-weekend\/\",\"name\":\"Ker\u00fcl k\u00f6zelebb Istenhez h\u00e9tv\u00e9g\u00e9n &bull; Animus Klub \u2022 Der Freizeitklub in der Metropolregion Rhein-Neckar\",\"isPartOf\":{\"@id\":\"https:\/\/animus-klub.de\/#website\"},\"datePublished\":\"2014-04-04T02:30:31+00:00\",\"dateModified\":\"2020-07-12T13:14:23+00:00\",\"breadcrumb\":{\"@id\":\"https:\/\/animus-klub.de\/35-get-closer-weekend\/#breadcrumb\"},\"inLanguage\":\"hu\",\"potentialAction\":[{\"@type\":\"ReadAction\",\"target\":[\"https:\/\/animus-klub.de\/35-get-closer-weekend\/\"]}]},{\"@type\":\"BreadcrumbList\",\"@id\":\"https:\/\/animus-klub.de\/35-get-closer-weekend\/#breadcrumb\",\"itemListElement\":[{\"@type\":\"ListItem\",\"position\":1,\"name\":\"Startseite\",\"item\":\"https:\/\/animus-klub.de\/\"},{\"@type\":\"ListItem\",\"position\":2,\"name\":\"(35) Get Closer Weekend\"}]},{\"@type\":\"WebSite\",\"@id\":\"https:\/\/animus-klub.de\/#website\",\"url\":\"https:\/\/animus-klub.de\/\",\"name\":\"Animus Klub \u2022 Der Freizeitklub in der Metropolregion Rhein-Neckar\",\"description\":\"Der Spiel- und Freizeitklub in Nu\u00dfloch, Wiesloch, Heidelberg und Umgebung f\u00fcr die ganze Familie! Wir realisieren DEINE Ideen und W\u00fcnsche, und machen DAS, was DU willst!\",\"publisher\":{\"@id\":\"https:\/\/animus-klub.de\/#organization\"},\"potentialAction\":[{\"@type\":\"SearchAction\",\"target\":{\"@type\":\"EntryPoint\",\"urlTemplate\":\"https:\/\/animus-klub.de\/?s={search_term_string}\"},\"query-input\":\"required name=search_term_string\"}],\"inLanguage\":\"hu\"},{\"@type\":\"Organization\",\"@id\":\"https:\/\/animus-klub.de\/#organization\",\"name\":\"Animus Klub e.V.\",\"url\":\"https:\/\/animus-klub.de\/\",\"sameAs\":[\"https:\/\/www.youtube.com\/channel\/UCYM2NSobdYTJVDpp2O9Ry-w\",\"https:\/\/www.facebook.com\/animusklub\/\"],\"logo\":{\"@type\":\"ImageObject\",\"inLanguage\":\"hu\",\"@id\":\"https:\/\/animus-klub.de\/#\/schema\/logo\/image\/\",\"url\":\"https:\/\/animus-klub.de\/wordpress\/wp-content\/uploads\/2020\/07\/animo-header.jpg\",\"contentUrl\":\"https:\/\/animus-klub.de\/wordpress\/wp-content\/uploads\/2020\/07\/animo-header.jpg\",\"width\":1200,\"height\":169,\"caption\":\"Animus Klub e.V.\"},\"image\":{\"@id\":\"https:\/\/animus-klub.de\/#\/schema\/logo\/image\/\"}},{\"@type\":\"Person\",\"@id\":\"https:\/\/animus-klub.de\/#\/schema\/person\/1ed8b8e707775dde5546a0a381e1734e\",\"name\":\"Alexander H\u00f6fer\",\"image\":{\"@type\":\"ImageObject\",\"inLanguage\":\"hu\",\"@id\":\"https:\/\/animus-klub.de\/#\/schema\/person\/image\/\",\"url\":\"https:\/\/secure.gravatar.com\/avatar\/8bf2333e7c04ae23cc2ccdda3f7fed57?s=96&d=mm&r=g\",\"contentUrl\":\"https:\/\/secure.gravatar.com\/avatar\/8bf2333e7c04ae23cc2ccdda3f7fed57?s=96&d=mm&r=g\",\"caption\":\"Alexander H\u00f6fer\"},\"description\":\"Vorbilder: Hans und Sophie Scholl, Claus Graf Schenk von Stauffenberg, Nelson Mandela, Martin Luther King, Steven Biko, Che Guevara, Lech Wa\u0142\u0119sa, Eduard Snowden, Helmut Schmidt, und alle Menschen, die wirklich den Mut haben, ihre Stimme f\u00fcr das Wohl des Kindes zu erheben, und f\u00fcr Freiheit und Menschenrechte zu k\u00e4mpfen. Hobbys: Filme \u00fcber meine Arbeit schneiden, Kochen, Kreativ sein, Lernen (besonders Fremdsprachen), Lesen &amp; Schreiben, Kultur erleben und genie\u00dfen, Musik h\u00f6ren und fr\u00fcher auch machen, Sport (allerdings kein Leistungssport), Theaterspielen (Impromatch) alles Rund um Tiere (Spazierengehen mit dem Hund), unbekannte Gegenden entdecken und erforschen, \u2026 Leben. Lieblingsessen: Ich habe eigentlich kein wirkliches Lieblingsessen, aber ich sch\u00e4tze die Spezialit\u00e4ten der L\u00e4nder oder Gerichte, die es nur dort gibt. Wie alles in meinem Leben bin ich auch hier sehr vielseitig, und probiere in der Regel alles, was ich nicht kenne. Hier ist eine kleine Auswahl von Dingen, die ich wirklich sehr mag: Deutschland: Sauerbraten mit Sp\u00e4tzlen, Rippchen oder Schupfnudel mit Sauerkraut, Tafelspitz D\u00e4nemark: Sm\u00f8re Br\u00f8d, s\u00e4mtliche Joghurt &amp; Marmeladenprodukte, Danske softice Belgien: Gaufre, Pommes-frites Finnland: Karjalanpiirakka, Mustamakkara, Savulohi Frankreich: Baguette et fromage, Cr\u00eapes, Escargots, Fondu Italien: Gelato, Lasagne, Spaghetti al forno, Pizza Kroatien: \u0106evap\u010di\u0107i, Ra\u017eni\u010di, Pljeskavica Griechenland: Souvlaki Polen: Barszcz, Bigos und \u017burek Russland: Pelmeni, Plombir, Schaschlik, Masha i Medwedj Spanien: Paella, Acetunas, Serrano Tschechien: Sv\u00ed\u010dkov\u00e1 z knedl\u00edkem, Karlovarsk\u00e9 oplatky, T\u00fcrkei: Adana D\u00f6ner, K\u0131ymal\u0131 G\u00f6zleme, Ku\u015fba\u015f\u0131l\u0131 Pide, Yufka Ungarn: Hal\u00e1szl\u00e9, Guly\u00e1s, P\u00f6rk\u00f6lt \u00e9s Tarhonya, L\u00e1ngos, Palacsinta Lieblingsgetr\u00e4nk: Fr\u00fcher Cola, heute Cola Zero. Lieblingsbuch: Talonrakennus, Aloitamme uuden el\u00e4m\u00e4n, Viidakkoel\u00e4m\u00e4\u00e4 (grins) Ich lese aber auch sehr gerne B\u00fccher von Ken Follett, Antony Horowitz, Charlotte Link, Henning Mankell und Fachb\u00fccher. Das Pinguinprinzip von John Kotter ist absolut genial. Lieblingsmusik: Anspruchsvolle Rock- und Popmusik aus aller Welt. F\u00fcr Ideenreichtum und Kreativit\u00e4t h\u00f6re ich allerdings am Liebsten Musik aus dem alternativen, Prog-Rock- oder Neo-Prog-Bereich. Lieblingsk\u00fcnstler: Habe ich viele, vor allem Musiker, die ihre Instrumente richtig gut spielen k\u00f6nnen, und die auf der B\u00fchne oder im Studio die Funken regelrecht spr\u00fchen lassen. Aber wenn ich eine Gruppe hervorheben m\u00fcsste, dann w\u00fcrde ich mich f\u00fcr Pink Floyd entscheiden, weil diese Band nicht nur mein Leben unglaublich stark beeinflusst hat, sondern auch meine Kreativit\u00e4t enorm erweiterte. Hier meine Favoriten aus den einzelnen Genres: Pop: a-ha, Black, Camouflage, Chris De Burgh, De\/Vision, Duran Duran, Hall &amp; Oates, Madonna, Mike &amp; the Mechanics, Kylie Minogue, Pet Shop Boys, Roxette, Simple Minds, Simply Red, Tina Turner Art-Pop: Blackfield, Kate Bush, Depeche Mode, Bryan Ferry, Icehouse, no-man, Talk Talk, OMD, Ultravox Sixties: Bee Gees, The Beatles, CCR, The Kinks, The Rolling Stones, Simon &amp; Garfunkel, The Who Seventies: 10CC, Eagles, ELO, Led Zeppelin, Manfred Mann's Earth Band, Steely Dan, Supertramp Eighties: ABC, Animotion, Aztec Camera, Black aka Colin Vearncombe, Culture Club, Cutting Crew, Erasure, Eurythmics, FGTH, Corey Hart, Human League, Howard Jones, Level 42, Real Life, Sandra, Spandau Ballet, Starship, Thompson Twins, Tears for Fears, WAX, Kim Wilde, Paul Young Nineties: Ace Of Bace, Back Street Boys, Dr. Alban, Haddaway, Londonbeat, MR. President, Take That Blues: Eric Clapton, Fleetwood Mac, The Moody Blues, Gary Moore, Paul Personne, Chris Rea Rock: Bryan Adams, Bon Jovi, Dire Straits, Bruce Springsteen &amp; the E-Street-Band, Status Quo, TOTO, U2 Classic Rock: Deep Purple, Kiss, Nazareth, QUEEN, Rainbow, Uriah Heep Hard-Rock: Def Leppard, DIO, MAGNUM, Axel Rudi Pell, Tony Martin, Scorpions, TEN, Van Halen, ZZ Top AOR: ASIA, Stan Bush, Foreigner, John Parr, Journey, Phenomena, Seventh Key, Survivor Folk Rock: Big Country, Blackmore\u2019s Night, DARE, The Hooters, Mostly Autumn, The Seer Alternative Rock: Archive, David Bowie, Coldplay, Crippled Black Phoenix, Crowded House, The Cure, Fury in the Slaughterhouse, Gazpacho, Linkin Park, MSP, Maroon 5, The Mission, Nickelback, O.S.I., The Pineapple Thief, Placebo, Portishead, Radiohead, R.E.M., Snow Patrol, Sting, Travis, The Vast All-Style: Alan Parsons Project, Peter Gabriel, Steve Hackett, Jethro Tull, Mike Oldfield, Rick Wakeman Prog-Rock: Barclay James Harvest, Big Big Train, ELP, The Flower Kings, Genesis, Karmakanic, Neal Morse, Porcupine Tree, Spock\u2019s Beard, The Tangent, Transaltantic, Yes Neo-Prog: Airbag, Arena, Eloy, Fish, IQ, Marillion, Pallas, Pendragon, RPWL, SAGA, Shadowland, Sylvan Heavy Metal: AC\/DC, Alice Cooper, Black Sabbath, Iron Maiden, Judas Priest, Mot\u00f6rhead, Saxon, Power-Metal: Avantasia, Edguy, Hammerfall, Stratovarius Prog-Metal: Ayreon, Dream Theater, Enchant, Queensr\u00ffche, Riverside, RUSH, Threshold, Vanden Plas Jazz-Rock: Chicago, Till Br\u00f6nner Songwriter: Billy Joel, Elton John, Mark Knopfler, Rod Stewart, Ray Wilson, The Walkabouts, Neil Young, Virtuos: Steve Howe, Jordan Rudess, John Petrucci, Joe Satriani, Steve Vai, Black Music: Earth, Wind &amp; Fire, Michael Jackson, Kool &amp; the Gang, Prince, Sade Electronic: Jean-Michel Jarre, Enigma, Kitaro, Tangerine Dream, Schiller, Klaus Schulze, Vangelis Klassik: Schubert, Grieg, Vivaldi Europa (alphabetisch): Belgien: T&amp;T D\u00e4nemark: Hej Matematik, Nephew, Sukkerchok Deutschland: Die \u00c4rzte, BAP, Bernstein, Ich &amp; Ich, Klaus Lage, Peter Maffey, Nena, die Prinzen, PUR, Sondaschule, Staubkind, Die Toten Hosen, Unheilig, Westernhagen Estland: Metsat\u00f6ll Finnland: Apulanta, Juha Tapio, Lapinlahden Linnut, Lauri T\u00e4hk\u00e4 &amp; Elonkerjuu, Leningrad Cowboys, Nelj\u00e4\u00e4 Ruusua, Popeda, Puolikuu, Raaka Aine, Frankreich: Francis Cabrel, Jean-Jacques Goldman, Myl\u00e8ne Farmer, Yannick Noah, Paul Personne, Griechenland: \u0398\u03ac\u03bd\u03bf\u03c2 \u039a\u03b1\u03bb\u03bb\u03af\u03c1\u03b7\u03c2 Italien: Adriano Celentano, Nek, Vasco Rossi, Irland: Clannad, Enya Kroatien: Crvena Jabuka, Prljavo Kazali\u0161te, Parni Valjak Polen: DeMono, Perfect Rum\u00e4nien: Akcent, 3 Sud Est, Valahia Russland: \u041d\u044e\u0448\u0430, \u041c\u0430\u043aS\u0438\u043c Schottland: Runrig Schweden: Kent Spanien: H\u00e9roes Del Silencio, Gipsy Kings, La Musicalit\u00e9 Tschechien: Buty, KAB\u00c1T, Katapult, Janek Ledeck\u00fd, Petr Muk, Olympic, Shalom, YOYO-Band T\u00fcrkei: Mustafa Sandal Ungarn: \u00c1kos, BIKINI, Bonanza Banzai, Charlie, Desperado, Edda m\u0171vek, Groovehouse, MC Hawer &amp; Tekkn\u0151, Omega, D. Nagy Lajos \u00e9s a frakci\u00f3, NOX, Republic, T\u00e1trai Band, TNT Lieblingsalbum: Ich habe sehr viele Alben, die ich gerne h\u00f6re, und ich entdecke jedes Jahr neue Alben, die mir unglaublich gut gefallen, und die mich unglaublich inspirieren. Normalerweise w\u00fcrde ich jetzt \u201eWish you were here\u201c von Pink Floyd nennen, aber das ist das Lieblingsalbum von vielen. Deshalb entscheide ich mich f\u00fcr ein Album, das mein Leben bisher ebenfalls sehr stark begleitet hat. Es ist allerdings aufgrund seiner musikalischen Achterbahnfahrt der Gef\u00fchle ein \u00e4hnlich nachdenkliches und emotional ergreifendes Werk, wie \u201eWish you were here\u201c. \u201eBrave\u201c von Marillion. Welches sind die 10 besten Musikalben des Jahres 2013? Dieses Jahr war ein absolutes Superjahr, was neue und richtig gute Musik betrifft. Deshalb m\u00f6chte ich keine zehn sondern 20 fantastische Alben alphabetisch auff\u00fchren. 1. Airbag \u2013 The Greates Show On Earth 2. Ayreon \u2013 The Theory Of Everything 3. Big Big Train \u2013 English Electric \u2013 Full Power 4. Blackfield \u2013 IV 5. Blackmore\u2019s Night \u2013 Dancer and the Moon 6. Black Sabbath \u2013 13 7. David Bowie \u2013 The Next Day 8. Deep Purple \u2013 Now What!? 9. Dream Theater \u2013 Dream Theater 10. Fish \u2013 Feast Of Consequences 11. The Flower Kings \u2013 Desolation Rose 12. Steve Hackett \u2013 Genesis Revisted II 13. Mot\u00f6rhead \u2013 Aftershock 14. Klaus Schulze - Shadowlands 15. Spock\u2019s Beard \u2013 Brief Nocturnes and Dreamless Sleep 16. The Tangent \u2013 Le Sacre du Travail 17. Tangerine Dream - Kant 18. U.D.O. \u2013 Steelhammer 19. Ray Wilson \u2013 Chasing Rainbows 20. Steven Wilson \u2013 The Raven That Refused To Sing Lieblingslied: Ich habe sehr viele Lieblingslider, aber wenn ich nur eines w\u00e4hlen d\u00fcrfte, dann w\u00fcrde ich mich aufgrund seines wahren Textes f\u00fcr \u201cImagine\u201d von John Lennon entscheiden. \u201eWillkommen in Deutschland\u201c von den Toten Hosen, \u201eZehnter Juni\u201c, \u201eDenn wir sind wieder wer\u201c und \\\"Widderlich\\\" von Bap, \u201eSchrei nach Liebe\u201c, von den \u00c4rzten, \u201eKinder sind tabu\u201c von PUR, Wir haben die Schnauze voll von Westernhagen, aber vor allem \u201eSehnsucht\u201c von Purple Schulz, geh\u00f6ren ebenfalls zu meinen absoluten Lieblingsliedern. Lieblingsfilm: Ich habe ebenfalls sehr viele Filme, die mir sehr gut gefallen, vor allem Filme, die einen direkten und tiefen Bezug zur Realit\u00e4t haben. Aber wenn ich mich f\u00fcr einen Film entscheiden m\u00fcsste, dann w\u00e4re es \u201eDas Fliegende Klassenzimmer\u201c mit Joachim Fuchsberger und Heinz Reincke. Das war der erste Film, der mich als Kind ganz tief ber\u00fchrte, und vielleicht sp\u00e4ter auch ausschlaggebend daf\u00fcr war, dass ich Sozialp\u00e4dagoge wurde. \u201eDie Kinder des Monsieur Mathieu\u201c, w\u00fcrde ich aufgrund seiner Authentizit\u00e4t ebenfalls als einen meiner absoluten Lieblingsfilme bezeichnen. Jedes Jahr werden weltweit Tausende von Filmen produziert. Davon sind rund 95% entweder schlecht oder absolut inhaltsleer (trivial), bzw. fallen f\u00fcr mich in die Rubrik \u201eDiesen Film muss man nicht unbedingt gesehen haben!\u201c Bei den restlichen 5 % sind allerdings immer ein paar Filme dabei, die wirklich absolute weltspitze sind. Dadurch, dass ich mittlerweile einige Sprachen gut sprechen kann, und aufgrund dieses Interesses mittlerweile auch sehr viele Sprachen relativ gut verstehe, kenne ich nat\u00fcrlich auch sehr viele gro\u00dfartige Filme, die bei uns in Deutschland leider g\u00e4nzlich unbekannt sind. Hier nun meine kleine, allerdings l\u00e4ngst nicht vollst\u00e4ndige Auswahl meiner absoluten Favoriten \u2013 Beginnen m\u00f6chte ich mit Skandinavien, weil dort derzeit f\u00fcr mich pers\u00f6nlich die allerbesten Filme und Serien f\u00fcr Familien und Kinder gedreht werden: D\u00e4nemark: Af Banan, Bora Bora, Dr\u00f8mmen, Du er ikke alene, Frode og alle de andere r\u00f8dder, Falkehjerte, Guldregn, Gummi Tarzan, H\u00e6vnen, Karla\u2019s Wereld, Karla og Katrine, Karla og Jonas, Klatret\u00f8sen, Min bedste fejnde, M\u00f8gunger, Storm, Superbror, Templeriddernes, Ulvepigen Tinke, To Verdener, Zappa, Zoomerne Norwegen: Amors Baller, Bare skyer beveger stjernene, Svartskj\u00e6r, Venner for livet, Stikk aka Sting, Ulvesommer Schweden: B\u00e4st i Sverige, Det Brinner, Elina, Flickan, Kid Svensk, Lejont\u00e4mjaren, Lilja 4 Ever, Tsatsiki, Finnland: Valo ja Ville Belgien: Blinker en de bakfietsbioscoop, Buitenspel, De Wereld van Ludovic Deutschland: Abseits, Bl\u00f6de M\u00fctze, Es geschah am helllichten Tag, Die 13 kleinen Esel und der Sonnehof, Die Feuerzangenbowle, Das geteilte Gl\u00fcck, Homevideo, Knallhart, K\u00f6nig der Diebe (King of Thieves), Nordsee ist Mordsee, Der Pauker, Der Schatz der Wei\u00dfen Falken, Prinz &amp; Bottle, Schande, Der Seehund von Sanderoog, Die Sp\u00e4tz\u00fcnder, Die Welle, Die Vorstadtkrokodile, Der ganz gro\u00dfe Traum, Wer k\u00fcsst schon einen Leguan, England: Tom Brown\u2019s Schooldays, St. Ralph, Kes, My friend Joe, The Boy in the striped Pyjamas, Life of Brian, Yellobeard, Yabberwocky Estland: Klass Frankreich: Au revoir les enfants, La Boum, Jean Florette &amp; Manon des sources, Le serveau, Mon fils a moi, Un Ch\u00e2teau en Espagne, La travers\u00e9e du phare, Les ins\u00e9parables, La guerre des boutons, Jo, L\u2019aile on la cuisse, Italien: Il bisbetico domato, Non ho paura Irland: Song for a Ragged Boy Mazedonien: Mirage Niederlande: Ciske de rat, Het geheim, Pietje Bell, Polen: Dzieci Ireny Sendlerowej, Magiczne Drzewo, \u015awinki, Syberiada Polska, Russland: \u0421\u0432\u043e\u043b\u043e\u0447\u0438, \u041f\u043e\u0434\u0440\u0430\u043d\u043a\u0438 Spanien: Brecha, Cobardes, El Bola, El sue\u00f1o de Iv\u00e1n, Los ni\u00f1os Salvajes Tschechien: Mare\u010dku, podejte mi pero; Jak dostat tat\u00ednka do polep\u0161ovny; Pr\u00e1zdniny pro psa, 6 medv\u0115d\u016f s Cibulkou Ungarn: P\u00e1l utcai fi\u00fak, A Szeleburdi Csal\u00e1d, Hossz\u00fa az \u00fat haz\u00e1ig Amerika: Alabama Moon, Anya\u2019s Bell, Caddyshack, The Client, The Cure, Duma, Dolphine Tale, The Escape Artist, Falling Down, Free Willy, Ghost, Gracie\u2019s Choice, Jet Boy, Judgement Day \u2013 The Ellie Nester Story, Kindergarden Cop, Little Tree, Lord of the Flies, The Miracle of the Cards, The Mercury Puzzle, One Voice (Kurzfilm), Oliver Twist, Old Yeller, Pay it Forward, The Pricipal, A Son\u2019s Promise, Seconds Best, Schindlers List, Schindler\u2019s List, My friend Skip, The good son, That's what I am, Witness, Wag the Dog Kanada: Little Criminals, The Boys of St. Vincent Australien: Crocodile Dundee, Opal Dream El Salvador: Voces Inocentes Japan: Sun\u00f4 purinsu: Kinjirareta koi no merodi Lieblingsserien: Habe ich auch viele, aber wenn ich mich f\u00fcr eine entscheiden m\u00fcsste, dann f\u00fcr die authentisch verfilmte sozialkritische Franz\u00f6sische Serie \u201eL\u2019instit\u201c mit G\u00e9rard Klein. Hier meine kleine Auswahl: Kinderserien: Die Sendung mit der Maus, Rappelkiste, L\u00f6wenzahn, Wissen macht Ah!, Luzie postrach ulice, L\u00e9taj\u00edc\u00ed \u010cestm\u00edr, Chobotnice II patra, Jul i Svingen, Linus i Svingen, Urwizy z dolini My\u0142n\u00f3w Jugendserien: Die Pfefferk\u00f6rner, Krimi.de, Allein gegen die Zeit, Famous Five, Die Schwarzen Br\u00fcder, Gutta Boys, Bilo n\u00e1s p\u0115t, Lessie, Tom Sawyer &amp; Huckleberry Finn, Flipper, Tod eines Sch\u00fclers, Hotel pod \u017ciraf\u0105 i nosoro\u017ccem, Karte Kid, Min v\u00e4n Percys magiska gymnastikskor, D\u00e5rfinkar och D\u00f6nickar, Glappet, Tiere bis unters Dach, Rennschwein Rudi R\u00fcssel, Johnny og Johanna, Die Rote Zora, Tajemnica Sagali, Zeichentrickserien: Krtek, Lolek &amp; Bolek, Nils Holgersson, Nick Knatterton, Pinocchio, The Flintstones, Muumilaakson tarinoita, Maikki ja pelottava Pontso, Cyclemyggen Egon, Cirkeline og verdens mindste Superhelt, Disco Ormene, Charlie Brown, Barbapapa, Il Signor Rossi, \u041d\u0443, \u043f\u043e\u0433\u043e\u0434\u0438, \u041c\u0430\u0448\u0430 \u0438 \u041c\u0435\u0434\u0432\u0435\u0434\u044c Puppen-Animation: Die Muppet Show, Alf Familienserien: Unsere kleine Farm, Ein Engel auf Erden, Die Waltons, DUDU, Rodzinka.pl, Ojciec Mateusz, The Guardian, Alle ZDF-Weihnachtsserien, besonders Silas, Mino, Laura &amp; Luis, sowie Ron &amp; Tanja, und nat\u00fcrlich die Kultserie \u201eDie Zwei\u201c mit Roger Moore &amp; Tony Curtis. Krimiserien: Balko, Columbo, Tatort, Kommissar Rex, Edgar Wallace Actionserien: 24 Lieblingsschauspieler: Ich sehe viele Schauspieler sehr gerne. Alle aufzuz\u00e4hlen w\u00e4re mir \u00fcberhaupt nicht m\u00f6glich. Hier eine kleine Bandbreite der letzten 100 Jahre: Michael Landon, Victor French, Richard Gere, Tom Hanks, Heinz R\u00fchmann, Heinz Erhardt, Joachim Fuchsberger, Mario Adorf, Harrison Ford, Sean Connery, Eddy Arent, Roger Moore, Clint Eastwood, Hans Albers, Gert Fr\u00f6be, Stan Laurel &amp; Oliver Hardy, Charly Chaplin, Tom Hanks, G\u00e9rard Klein, Michael Douglas, Jean-Paul Belmondo, James Belushi, Vladimir Men\u0161\u00edk, Cary Grant\u2026. Schaust du eigentlich keine Horrorfilme? Nein, Horrorfilme schaue ich keine, weil das Leben die schrecklichsten und abscheulichsten Charaktere hervorbringt, und ich deshalb in meiner Freizeit nicht noch zus\u00e4tzlich irgendwelche Zombies oder Monsterkiller im Fernsehen oder auf DVD ben\u00f6tige. Schaust du keine Kom\u00f6dien? Fr\u00fcher, als noch die ganz gro\u00dfen Humoristen, wie zum Beispiel Heinz Erhardt, Loriot oder Peter Frankenfeld mit einem gesunden Humor die Leute entweder im Fernsehen oder auf der B\u00fchne zum Lachen brachten, habe ich sehr gerne Kom\u00f6dien angeschaut. Heute ist in diesem Genre allerdings h\u00e4ufig ein ziemlich trauriges, um nicht zu sagen sehr primitives Niveau vorhanden. Viele K\u00fcnstler, vor allem die Schlechten, bekommen die Menschen nur noch mit obsz\u00f6nen \u00c4u\u00dferungen, trivialen Bemerkungen oder auch peinlichen Blo\u00dfstellungen zum Lachen. Der gesunde Deutsche Humor ist in unserer Leistungsgesellschaft leider verloren gegangen. Ich suche ihn zwar schon seit \u00fcber 20 Jahren beinahe t\u00e4glich hinter jedem Baum und jedem Strauch; gefunden, habe ich ihn aber leider bisher noch nicht. Au\u00dferdem kann man sich die lustigen Filme nicht so h\u00e4ufig anschauen, als lehrreiche Dramen, die einen direkten Bezug zur Realit\u00e4t haben.\",\"sameAs\":[\"http:\/\/www.animus-klub.de\"]}]}<\/script>\n<!-- \/ Yoast SEO plugin. -->","yoast_head_json":{"title":"Ker\u00fcl k\u00f6zelebb Istenhez h\u00e9tv\u00e9g\u00e9n &bull; Animus Klub \u2022 Der Freizeitklub in der Metropolregion Rhein-Neckar","robots":{"index":"index","follow":"follow","max-snippet":"max-snippet:-1","max-image-preview":"max-image-preview:large","max-video-preview":"max-video-preview:-1"},"canonical":"https:\/\/animus-klub.de\/35-get-closer-weekend\/","og_locale":"hu_HU","og_type":"article","og_title":"Ker\u00fcl k\u00f6zelebb Istenhez h\u00e9tv\u00e9g\u00e9n &bull; Animus Klub \u2022 Der Freizeitklub in der Metropolregion Rhein-Neckar","og_description":"Neal Morse \u00e9s csal\u00e1dja ism\u00e9t elgondolkodtat\u00f3 gospelekkel, sok-sok rem\u00e9nnyel \u00e9s szellemi er\u0151velaj\u00e1nd\u00e9kozott meg minketa mostani \u201eGet-Closer-Weekend&#8221; alkalm\u00e1val (&#8216;Ker\u00fclj k\u00f6zelebb Istenhez h\u00e9tv\u00e9g\u00e9n!&#8217;) K\u00f6r\u00fclbel\u00fcl 2 h\u00e9ttel a k\u00f6zel 3 \u00f3r\u00e1s progressz\u00edvkoncert ut\u00e1n Keltersbachban a Transatlantic egy\u00fcttesvezet\u0151je, Neal Morse (\u00e9nek, git\u00e1r, billenty\u0171) \u00e9s csal\u00e1dja bar\u00e1taikkal egy majd 13 \u00f3r\u00e1s \u201eGet-Closer-Meeting\u201c-et celebr\u00e1lt. Az eg\u00e9sz Eur\u00f3p\u00e1b\u00f3l \u00f6sszegy\u0171lt jelenl\u00e9v\u0151k nem csak [&hellip;]","og_url":"https:\/\/animus-klub.de\/35-get-closer-weekend\/","og_site_name":"Animus Klub \u2022 Der Freizeitklub in der Metropolregion Rhein-Neckar","article_publisher":"https:\/\/www.facebook.com\/animusklub\/","article_published_time":"2014-04-04T02:30:31+00:00","article_modified_time":"2020-07-12T13:14:23+00:00","og_image":[{"width":1200,"height":900,"url":"https:\/\/animus-klub.de\/wordpress\/wp-content\/uploads\/2014\/04\/Band-3.jpg","type":"image\/jpeg"}],"author":"Alexander H\u00f6fer","twitter_card":"summary_large_image","twitter_misc":{"Szerz\u0151:":"Alexander H\u00f6fer","Becs\u00fclt olvas\u00e1si id\u0151":"47 perc"},"schema":{"@context":"https:\/\/schema.org","@graph":[{"@type":"Article","@id":"https:\/\/animus-klub.de\/35-get-closer-weekend\/#article","isPartOf":{"@id":"https:\/\/animus-klub.de\/35-get-closer-weekend\/"},"author":{"name":"Alexander H\u00f6fer","@id":"https:\/\/animus-klub.de\/#\/schema\/person\/1ed8b8e707775dde5546a0a381e1734e"},"headline":"Ker\u00fcl k\u00f6zelebb Istenhez h\u00e9tv\u00e9g\u00e9n","datePublished":"2014-04-04T02:30:31+00:00","dateModified":"2020-07-12T13:14:23+00:00","mainEntityOfPage":{"@id":"https:\/\/animus-klub.de\/35-get-closer-weekend\/"},"wordCount":9400,"publisher":{"@id":"https:\/\/animus-klub.de\/#organization"},"keywords":["Musik","Wir sprechen Klartext"],"articleSection":["Rathaus Rundschau"],"inLanguage":"hu"},{"@type":"WebPage","@id":"https:\/\/animus-klub.de\/35-get-closer-weekend\/","url":"https:\/\/animus-klub.de\/35-get-closer-weekend\/","name":"Ker\u00fcl k\u00f6zelebb Istenhez h\u00e9tv\u00e9g\u00e9n &bull; Animus Klub \u2022 Der Freizeitklub in der Metropolregion Rhein-Neckar","isPartOf":{"@id":"https:\/\/animus-klub.de\/#website"},"datePublished":"2014-04-04T02:30:31+00:00","dateModified":"2020-07-12T13:14:23+00:00","breadcrumb":{"@id":"https:\/\/animus-klub.de\/35-get-closer-weekend\/#breadcrumb"},"inLanguage":"hu","potentialAction":[{"@type":"ReadAction","target":["https:\/\/animus-klub.de\/35-get-closer-weekend\/"]}]},{"@type":"BreadcrumbList","@id":"https:\/\/animus-klub.de\/35-get-closer-weekend\/#breadcrumb","itemListElement":[{"@type":"ListItem","position":1,"name":"Startseite","item":"https:\/\/animus-klub.de\/"},{"@type":"ListItem","position":2,"name":"(35) Get Closer Weekend"}]},{"@type":"WebSite","@id":"https:\/\/animus-klub.de\/#website","url":"https:\/\/animus-klub.de\/","name":"Animus Klub \u2022 Der Freizeitklub in der Metropolregion Rhein-Neckar","description":"Der Spiel- und Freizeitklub in Nu\u00dfloch, Wiesloch, Heidelberg und Umgebung f\u00fcr die ganze Familie! Wir realisieren DEINE Ideen und W\u00fcnsche, und machen DAS, was DU willst!","publisher":{"@id":"https:\/\/animus-klub.de\/#organization"},"potentialAction":[{"@type":"SearchAction","target":{"@type":"EntryPoint","urlTemplate":"https:\/\/animus-klub.de\/?s={search_term_string}"},"query-input":"required name=search_term_string"}],"inLanguage":"hu"},{"@type":"Organization","@id":"https:\/\/animus-klub.de\/#organization","name":"Animus Klub e.V.","url":"https:\/\/animus-klub.de\/","sameAs":["https:\/\/www.youtube.com\/channel\/UCYM2NSobdYTJVDpp2O9Ry-w","https:\/\/www.facebook.com\/animusklub\/"],"logo":{"@type":"ImageObject","inLanguage":"hu","@id":"https:\/\/animus-klub.de\/#\/schema\/logo\/image\/","url":"https:\/\/animus-klub.de\/wordpress\/wp-content\/uploads\/2020\/07\/animo-header.jpg","contentUrl":"https:\/\/animus-klub.de\/wordpress\/wp-content\/uploads\/2020\/07\/animo-header.jpg","width":1200,"height":169,"caption":"Animus Klub e.V."},"image":{"@id":"https:\/\/animus-klub.de\/#\/schema\/logo\/image\/"}},{"@type":"Person","@id":"https:\/\/animus-klub.de\/#\/schema\/person\/1ed8b8e707775dde5546a0a381e1734e","name":"Alexander H\u00f6fer","image":{"@type":"ImageObject","inLanguage":"hu","@id":"https:\/\/animus-klub.de\/#\/schema\/person\/image\/","url":"https:\/\/secure.gravatar.com\/avatar\/8bf2333e7c04ae23cc2ccdda3f7fed57?s=96&d=mm&r=g","contentUrl":"https:\/\/secure.gravatar.com\/avatar\/8bf2333e7c04ae23cc2ccdda3f7fed57?s=96&d=mm&r=g","caption":"Alexander H\u00f6fer"},"description":"Vorbilder: Hans und Sophie Scholl, Claus Graf Schenk von Stauffenberg, Nelson Mandela, Martin Luther King, Steven Biko, Che Guevara, Lech Wa\u0142\u0119sa, Eduard Snowden, Helmut Schmidt, und alle Menschen, die wirklich den Mut haben, ihre Stimme f\u00fcr das Wohl des Kindes zu erheben, und f\u00fcr Freiheit und Menschenrechte zu k\u00e4mpfen. Hobbys: Filme \u00fcber meine Arbeit schneiden, Kochen, Kreativ sein, Lernen (besonders Fremdsprachen), Lesen &amp; Schreiben, Kultur erleben und genie\u00dfen, Musik h\u00f6ren und fr\u00fcher auch machen, Sport (allerdings kein Leistungssport), Theaterspielen (Impromatch) alles Rund um Tiere (Spazierengehen mit dem Hund), unbekannte Gegenden entdecken und erforschen, \u2026 Leben. Lieblingsessen: Ich habe eigentlich kein wirkliches Lieblingsessen, aber ich sch\u00e4tze die Spezialit\u00e4ten der L\u00e4nder oder Gerichte, die es nur dort gibt. Wie alles in meinem Leben bin ich auch hier sehr vielseitig, und probiere in der Regel alles, was ich nicht kenne. Hier ist eine kleine Auswahl von Dingen, die ich wirklich sehr mag: Deutschland: Sauerbraten mit Sp\u00e4tzlen, Rippchen oder Schupfnudel mit Sauerkraut, Tafelspitz D\u00e4nemark: Sm\u00f8re Br\u00f8d, s\u00e4mtliche Joghurt &amp; Marmeladenprodukte, Danske softice Belgien: Gaufre, Pommes-frites Finnland: Karjalanpiirakka, Mustamakkara, Savulohi Frankreich: Baguette et fromage, Cr\u00eapes, Escargots, Fondu Italien: Gelato, Lasagne, Spaghetti al forno, Pizza Kroatien: \u0106evap\u010di\u0107i, Ra\u017eni\u010di, Pljeskavica Griechenland: Souvlaki Polen: Barszcz, Bigos und \u017burek Russland: Pelmeni, Plombir, Schaschlik, Masha i Medwedj Spanien: Paella, Acetunas, Serrano Tschechien: Sv\u00ed\u010dkov\u00e1 z knedl\u00edkem, Karlovarsk\u00e9 oplatky, T\u00fcrkei: Adana D\u00f6ner, K\u0131ymal\u0131 G\u00f6zleme, Ku\u015fba\u015f\u0131l\u0131 Pide, Yufka Ungarn: Hal\u00e1szl\u00e9, Guly\u00e1s, P\u00f6rk\u00f6lt \u00e9s Tarhonya, L\u00e1ngos, Palacsinta Lieblingsgetr\u00e4nk: Fr\u00fcher Cola, heute Cola Zero. Lieblingsbuch: Talonrakennus, Aloitamme uuden el\u00e4m\u00e4n, Viidakkoel\u00e4m\u00e4\u00e4 (grins) Ich lese aber auch sehr gerne B\u00fccher von Ken Follett, Antony Horowitz, Charlotte Link, Henning Mankell und Fachb\u00fccher. Das Pinguinprinzip von John Kotter ist absolut genial. Lieblingsmusik: Anspruchsvolle Rock- und Popmusik aus aller Welt. F\u00fcr Ideenreichtum und Kreativit\u00e4t h\u00f6re ich allerdings am Liebsten Musik aus dem alternativen, Prog-Rock- oder Neo-Prog-Bereich. Lieblingsk\u00fcnstler: Habe ich viele, vor allem Musiker, die ihre Instrumente richtig gut spielen k\u00f6nnen, und die auf der B\u00fchne oder im Studio die Funken regelrecht spr\u00fchen lassen. Aber wenn ich eine Gruppe hervorheben m\u00fcsste, dann w\u00fcrde ich mich f\u00fcr Pink Floyd entscheiden, weil diese Band nicht nur mein Leben unglaublich stark beeinflusst hat, sondern auch meine Kreativit\u00e4t enorm erweiterte. Hier meine Favoriten aus den einzelnen Genres: Pop: a-ha, Black, Camouflage, Chris De Burgh, De\/Vision, Duran Duran, Hall &amp; Oates, Madonna, Mike &amp; the Mechanics, Kylie Minogue, Pet Shop Boys, Roxette, Simple Minds, Simply Red, Tina Turner Art-Pop: Blackfield, Kate Bush, Depeche Mode, Bryan Ferry, Icehouse, no-man, Talk Talk, OMD, Ultravox Sixties: Bee Gees, The Beatles, CCR, The Kinks, The Rolling Stones, Simon &amp; Garfunkel, The Who Seventies: 10CC, Eagles, ELO, Led Zeppelin, Manfred Mann's Earth Band, Steely Dan, Supertramp Eighties: ABC, Animotion, Aztec Camera, Black aka Colin Vearncombe, Culture Club, Cutting Crew, Erasure, Eurythmics, FGTH, Corey Hart, Human League, Howard Jones, Level 42, Real Life, Sandra, Spandau Ballet, Starship, Thompson Twins, Tears for Fears, WAX, Kim Wilde, Paul Young Nineties: Ace Of Bace, Back Street Boys, Dr. Alban, Haddaway, Londonbeat, MR. President, Take That Blues: Eric Clapton, Fleetwood Mac, The Moody Blues, Gary Moore, Paul Personne, Chris Rea Rock: Bryan Adams, Bon Jovi, Dire Straits, Bruce Springsteen &amp; the E-Street-Band, Status Quo, TOTO, U2 Classic Rock: Deep Purple, Kiss, Nazareth, QUEEN, Rainbow, Uriah Heep Hard-Rock: Def Leppard, DIO, MAGNUM, Axel Rudi Pell, Tony Martin, Scorpions, TEN, Van Halen, ZZ Top AOR: ASIA, Stan Bush, Foreigner, John Parr, Journey, Phenomena, Seventh Key, Survivor Folk Rock: Big Country, Blackmore\u2019s Night, DARE, The Hooters, Mostly Autumn, The Seer Alternative Rock: Archive, David Bowie, Coldplay, Crippled Black Phoenix, Crowded House, The Cure, Fury in the Slaughterhouse, Gazpacho, Linkin Park, MSP, Maroon 5, The Mission, Nickelback, O.S.I., The Pineapple Thief, Placebo, Portishead, Radiohead, R.E.M., Snow Patrol, Sting, Travis, The Vast All-Style: Alan Parsons Project, Peter Gabriel, Steve Hackett, Jethro Tull, Mike Oldfield, Rick Wakeman Prog-Rock: Barclay James Harvest, Big Big Train, ELP, The Flower Kings, Genesis, Karmakanic, Neal Morse, Porcupine Tree, Spock\u2019s Beard, The Tangent, Transaltantic, Yes Neo-Prog: Airbag, Arena, Eloy, Fish, IQ, Marillion, Pallas, Pendragon, RPWL, SAGA, Shadowland, Sylvan Heavy Metal: AC\/DC, Alice Cooper, Black Sabbath, Iron Maiden, Judas Priest, Mot\u00f6rhead, Saxon, Power-Metal: Avantasia, Edguy, Hammerfall, Stratovarius Prog-Metal: Ayreon, Dream Theater, Enchant, Queensr\u00ffche, Riverside, RUSH, Threshold, Vanden Plas Jazz-Rock: Chicago, Till Br\u00f6nner Songwriter: Billy Joel, Elton John, Mark Knopfler, Rod Stewart, Ray Wilson, The Walkabouts, Neil Young, Virtuos: Steve Howe, Jordan Rudess, John Petrucci, Joe Satriani, Steve Vai, Black Music: Earth, Wind &amp; Fire, Michael Jackson, Kool &amp; the Gang, Prince, Sade Electronic: Jean-Michel Jarre, Enigma, Kitaro, Tangerine Dream, Schiller, Klaus Schulze, Vangelis Klassik: Schubert, Grieg, Vivaldi Europa (alphabetisch): Belgien: T&amp;T D\u00e4nemark: Hej Matematik, Nephew, Sukkerchok Deutschland: Die \u00c4rzte, BAP, Bernstein, Ich &amp; Ich, Klaus Lage, Peter Maffey, Nena, die Prinzen, PUR, Sondaschule, Staubkind, Die Toten Hosen, Unheilig, Westernhagen Estland: Metsat\u00f6ll Finnland: Apulanta, Juha Tapio, Lapinlahden Linnut, Lauri T\u00e4hk\u00e4 &amp; Elonkerjuu, Leningrad Cowboys, Nelj\u00e4\u00e4 Ruusua, Popeda, Puolikuu, Raaka Aine, Frankreich: Francis Cabrel, Jean-Jacques Goldman, Myl\u00e8ne Farmer, Yannick Noah, Paul Personne, Griechenland: \u0398\u03ac\u03bd\u03bf\u03c2 \u039a\u03b1\u03bb\u03bb\u03af\u03c1\u03b7\u03c2 Italien: Adriano Celentano, Nek, Vasco Rossi, Irland: Clannad, Enya Kroatien: Crvena Jabuka, Prljavo Kazali\u0161te, Parni Valjak Polen: DeMono, Perfect Rum\u00e4nien: Akcent, 3 Sud Est, Valahia Russland: \u041d\u044e\u0448\u0430, \u041c\u0430\u043aS\u0438\u043c Schottland: Runrig Schweden: Kent Spanien: H\u00e9roes Del Silencio, Gipsy Kings, La Musicalit\u00e9 Tschechien: Buty, KAB\u00c1T, Katapult, Janek Ledeck\u00fd, Petr Muk, Olympic, Shalom, YOYO-Band T\u00fcrkei: Mustafa Sandal Ungarn: \u00c1kos, BIKINI, Bonanza Banzai, Charlie, Desperado, Edda m\u0171vek, Groovehouse, MC Hawer &amp; Tekkn\u0151, Omega, D. Nagy Lajos \u00e9s a frakci\u00f3, NOX, Republic, T\u00e1trai Band, TNT Lieblingsalbum: Ich habe sehr viele Alben, die ich gerne h\u00f6re, und ich entdecke jedes Jahr neue Alben, die mir unglaublich gut gefallen, und die mich unglaublich inspirieren. Normalerweise w\u00fcrde ich jetzt \u201eWish you were here\u201c von Pink Floyd nennen, aber das ist das Lieblingsalbum von vielen. Deshalb entscheide ich mich f\u00fcr ein Album, das mein Leben bisher ebenfalls sehr stark begleitet hat. Es ist allerdings aufgrund seiner musikalischen Achterbahnfahrt der Gef\u00fchle ein \u00e4hnlich nachdenkliches und emotional ergreifendes Werk, wie \u201eWish you were here\u201c. \u201eBrave\u201c von Marillion. Welches sind die 10 besten Musikalben des Jahres 2013? Dieses Jahr war ein absolutes Superjahr, was neue und richtig gute Musik betrifft. Deshalb m\u00f6chte ich keine zehn sondern 20 fantastische Alben alphabetisch auff\u00fchren. 1. Airbag \u2013 The Greates Show On Earth 2. Ayreon \u2013 The Theory Of Everything 3. Big Big Train \u2013 English Electric \u2013 Full Power 4. Blackfield \u2013 IV 5. Blackmore\u2019s Night \u2013 Dancer and the Moon 6. Black Sabbath \u2013 13 7. David Bowie \u2013 The Next Day 8. Deep Purple \u2013 Now What!? 9. Dream Theater \u2013 Dream Theater 10. Fish \u2013 Feast Of Consequences 11. The Flower Kings \u2013 Desolation Rose 12. Steve Hackett \u2013 Genesis Revisted II 13. Mot\u00f6rhead \u2013 Aftershock 14. Klaus Schulze - Shadowlands 15. Spock\u2019s Beard \u2013 Brief Nocturnes and Dreamless Sleep 16. The Tangent \u2013 Le Sacre du Travail 17. Tangerine Dream - Kant 18. U.D.O. \u2013 Steelhammer 19. Ray Wilson \u2013 Chasing Rainbows 20. Steven Wilson \u2013 The Raven That Refused To Sing Lieblingslied: Ich habe sehr viele Lieblingslider, aber wenn ich nur eines w\u00e4hlen d\u00fcrfte, dann w\u00fcrde ich mich aufgrund seines wahren Textes f\u00fcr \u201cImagine\u201d von John Lennon entscheiden. \u201eWillkommen in Deutschland\u201c von den Toten Hosen, \u201eZehnter Juni\u201c, \u201eDenn wir sind wieder wer\u201c und \"Widderlich\" von Bap, \u201eSchrei nach Liebe\u201c, von den \u00c4rzten, \u201eKinder sind tabu\u201c von PUR, Wir haben die Schnauze voll von Westernhagen, aber vor allem \u201eSehnsucht\u201c von Purple Schulz, geh\u00f6ren ebenfalls zu meinen absoluten Lieblingsliedern. Lieblingsfilm: Ich habe ebenfalls sehr viele Filme, die mir sehr gut gefallen, vor allem Filme, die einen direkten und tiefen Bezug zur Realit\u00e4t haben. Aber wenn ich mich f\u00fcr einen Film entscheiden m\u00fcsste, dann w\u00e4re es \u201eDas Fliegende Klassenzimmer\u201c mit Joachim Fuchsberger und Heinz Reincke. Das war der erste Film, der mich als Kind ganz tief ber\u00fchrte, und vielleicht sp\u00e4ter auch ausschlaggebend daf\u00fcr war, dass ich Sozialp\u00e4dagoge wurde. \u201eDie Kinder des Monsieur Mathieu\u201c, w\u00fcrde ich aufgrund seiner Authentizit\u00e4t ebenfalls als einen meiner absoluten Lieblingsfilme bezeichnen. Jedes Jahr werden weltweit Tausende von Filmen produziert. Davon sind rund 95% entweder schlecht oder absolut inhaltsleer (trivial), bzw. fallen f\u00fcr mich in die Rubrik \u201eDiesen Film muss man nicht unbedingt gesehen haben!\u201c Bei den restlichen 5 % sind allerdings immer ein paar Filme dabei, die wirklich absolute weltspitze sind. Dadurch, dass ich mittlerweile einige Sprachen gut sprechen kann, und aufgrund dieses Interesses mittlerweile auch sehr viele Sprachen relativ gut verstehe, kenne ich nat\u00fcrlich auch sehr viele gro\u00dfartige Filme, die bei uns in Deutschland leider g\u00e4nzlich unbekannt sind. Hier nun meine kleine, allerdings l\u00e4ngst nicht vollst\u00e4ndige Auswahl meiner absoluten Favoriten \u2013 Beginnen m\u00f6chte ich mit Skandinavien, weil dort derzeit f\u00fcr mich pers\u00f6nlich die allerbesten Filme und Serien f\u00fcr Familien und Kinder gedreht werden: D\u00e4nemark: Af Banan, Bora Bora, Dr\u00f8mmen, Du er ikke alene, Frode og alle de andere r\u00f8dder, Falkehjerte, Guldregn, Gummi Tarzan, H\u00e6vnen, Karla\u2019s Wereld, Karla og Katrine, Karla og Jonas, Klatret\u00f8sen, Min bedste fejnde, M\u00f8gunger, Storm, Superbror, Templeriddernes, Ulvepigen Tinke, To Verdener, Zappa, Zoomerne Norwegen: Amors Baller, Bare skyer beveger stjernene, Svartskj\u00e6r, Venner for livet, Stikk aka Sting, Ulvesommer Schweden: B\u00e4st i Sverige, Det Brinner, Elina, Flickan, Kid Svensk, Lejont\u00e4mjaren, Lilja 4 Ever, Tsatsiki, Finnland: Valo ja Ville Belgien: Blinker en de bakfietsbioscoop, Buitenspel, De Wereld van Ludovic Deutschland: Abseits, Bl\u00f6de M\u00fctze, Es geschah am helllichten Tag, Die 13 kleinen Esel und der Sonnehof, Die Feuerzangenbowle, Das geteilte Gl\u00fcck, Homevideo, Knallhart, K\u00f6nig der Diebe (King of Thieves), Nordsee ist Mordsee, Der Pauker, Der Schatz der Wei\u00dfen Falken, Prinz &amp; Bottle, Schande, Der Seehund von Sanderoog, Die Sp\u00e4tz\u00fcnder, Die Welle, Die Vorstadtkrokodile, Der ganz gro\u00dfe Traum, Wer k\u00fcsst schon einen Leguan, England: Tom Brown\u2019s Schooldays, St. Ralph, Kes, My friend Joe, The Boy in the striped Pyjamas, Life of Brian, Yellobeard, Yabberwocky Estland: Klass Frankreich: Au revoir les enfants, La Boum, Jean Florette &amp; Manon des sources, Le serveau, Mon fils a moi, Un Ch\u00e2teau en Espagne, La travers\u00e9e du phare, Les ins\u00e9parables, La guerre des boutons, Jo, L\u2019aile on la cuisse, Italien: Il bisbetico domato, Non ho paura Irland: Song for a Ragged Boy Mazedonien: Mirage Niederlande: Ciske de rat, Het geheim, Pietje Bell, Polen: Dzieci Ireny Sendlerowej, Magiczne Drzewo, \u015awinki, Syberiada Polska, Russland: \u0421\u0432\u043e\u043b\u043e\u0447\u0438, \u041f\u043e\u0434\u0440\u0430\u043d\u043a\u0438 Spanien: Brecha, Cobardes, El Bola, El sue\u00f1o de Iv\u00e1n, Los ni\u00f1os Salvajes Tschechien: Mare\u010dku, podejte mi pero; Jak dostat tat\u00ednka do polep\u0161ovny; Pr\u00e1zdniny pro psa, 6 medv\u0115d\u016f s Cibulkou Ungarn: P\u00e1l utcai fi\u00fak, A Szeleburdi Csal\u00e1d, Hossz\u00fa az \u00fat haz\u00e1ig Amerika: Alabama Moon, Anya\u2019s Bell, Caddyshack, The Client, The Cure, Duma, Dolphine Tale, The Escape Artist, Falling Down, Free Willy, Ghost, Gracie\u2019s Choice, Jet Boy, Judgement Day \u2013 The Ellie Nester Story, Kindergarden Cop, Little Tree, Lord of the Flies, The Miracle of the Cards, The Mercury Puzzle, One Voice (Kurzfilm), Oliver Twist, Old Yeller, Pay it Forward, The Pricipal, A Son\u2019s Promise, Seconds Best, Schindlers List, Schindler\u2019s List, My friend Skip, The good son, That's what I am, Witness, Wag the Dog Kanada: Little Criminals, The Boys of St. Vincent Australien: Crocodile Dundee, Opal Dream El Salvador: Voces Inocentes Japan: Sun\u00f4 purinsu: Kinjirareta koi no merodi Lieblingsserien: Habe ich auch viele, aber wenn ich mich f\u00fcr eine entscheiden m\u00fcsste, dann f\u00fcr die authentisch verfilmte sozialkritische Franz\u00f6sische Serie \u201eL\u2019instit\u201c mit G\u00e9rard Klein. Hier meine kleine Auswahl: Kinderserien: Die Sendung mit der Maus, Rappelkiste, L\u00f6wenzahn, Wissen macht Ah!, Luzie postrach ulice, L\u00e9taj\u00edc\u00ed \u010cestm\u00edr, Chobotnice II patra, Jul i Svingen, Linus i Svingen, Urwizy z dolini My\u0142n\u00f3w Jugendserien: Die Pfefferk\u00f6rner, Krimi.de, Allein gegen die Zeit, Famous Five, Die Schwarzen Br\u00fcder, Gutta Boys, Bilo n\u00e1s p\u0115t, Lessie, Tom Sawyer &amp; Huckleberry Finn, Flipper, Tod eines Sch\u00fclers, Hotel pod \u017ciraf\u0105 i nosoro\u017ccem, Karte Kid, Min v\u00e4n Percys magiska gymnastikskor, D\u00e5rfinkar och D\u00f6nickar, Glappet, Tiere bis unters Dach, Rennschwein Rudi R\u00fcssel, Johnny og Johanna, Die Rote Zora, Tajemnica Sagali, Zeichentrickserien: Krtek, Lolek &amp; Bolek, Nils Holgersson, Nick Knatterton, Pinocchio, The Flintstones, Muumilaakson tarinoita, Maikki ja pelottava Pontso, Cyclemyggen Egon, Cirkeline og verdens mindste Superhelt, Disco Ormene, Charlie Brown, Barbapapa, Il Signor Rossi, \u041d\u0443, \u043f\u043e\u0433\u043e\u0434\u0438, \u041c\u0430\u0448\u0430 \u0438 \u041c\u0435\u0434\u0432\u0435\u0434\u044c Puppen-Animation: Die Muppet Show, Alf Familienserien: Unsere kleine Farm, Ein Engel auf Erden, Die Waltons, DUDU, Rodzinka.pl, Ojciec Mateusz, The Guardian, Alle ZDF-Weihnachtsserien, besonders Silas, Mino, Laura &amp; Luis, sowie Ron &amp; Tanja, und nat\u00fcrlich die Kultserie \u201eDie Zwei\u201c mit Roger Moore &amp; Tony Curtis. Krimiserien: Balko, Columbo, Tatort, Kommissar Rex, Edgar Wallace Actionserien: 24 Lieblingsschauspieler: Ich sehe viele Schauspieler sehr gerne. Alle aufzuz\u00e4hlen w\u00e4re mir \u00fcberhaupt nicht m\u00f6glich. Hier eine kleine Bandbreite der letzten 100 Jahre: Michael Landon, Victor French, Richard Gere, Tom Hanks, Heinz R\u00fchmann, Heinz Erhardt, Joachim Fuchsberger, Mario Adorf, Harrison Ford, Sean Connery, Eddy Arent, Roger Moore, Clint Eastwood, Hans Albers, Gert Fr\u00f6be, Stan Laurel &amp; Oliver Hardy, Charly Chaplin, Tom Hanks, G\u00e9rard Klein, Michael Douglas, Jean-Paul Belmondo, James Belushi, Vladimir Men\u0161\u00edk, Cary Grant\u2026. Schaust du eigentlich keine Horrorfilme? Nein, Horrorfilme schaue ich keine, weil das Leben die schrecklichsten und abscheulichsten Charaktere hervorbringt, und ich deshalb in meiner Freizeit nicht noch zus\u00e4tzlich irgendwelche Zombies oder Monsterkiller im Fernsehen oder auf DVD ben\u00f6tige. Schaust du keine Kom\u00f6dien? Fr\u00fcher, als noch die ganz gro\u00dfen Humoristen, wie zum Beispiel Heinz Erhardt, Loriot oder Peter Frankenfeld mit einem gesunden Humor die Leute entweder im Fernsehen oder auf der B\u00fchne zum Lachen brachten, habe ich sehr gerne Kom\u00f6dien angeschaut. Heute ist in diesem Genre allerdings h\u00e4ufig ein ziemlich trauriges, um nicht zu sagen sehr primitives Niveau vorhanden. Viele K\u00fcnstler, vor allem die Schlechten, bekommen die Menschen nur noch mit obsz\u00f6nen \u00c4u\u00dferungen, trivialen Bemerkungen oder auch peinlichen Blo\u00dfstellungen zum Lachen. Der gesunde Deutsche Humor ist in unserer Leistungsgesellschaft leider verloren gegangen. Ich suche ihn zwar schon seit \u00fcber 20 Jahren beinahe t\u00e4glich hinter jedem Baum und jedem Strauch; gefunden, habe ich ihn aber leider bisher noch nicht. Au\u00dferdem kann man sich die lustigen Filme nicht so h\u00e4ufig anschauen, als lehrreiche Dramen, die einen direkten Bezug zur Realit\u00e4t haben.","sameAs":["http:\/\/www.animus-klub.de"]}]}},"_links":{"self":[{"href":"https:\/\/animus-klub.de\/hu\/wp-json\/wp\/v2\/posts\/33577"}],"collection":[{"href":"https:\/\/animus-klub.de\/hu\/wp-json\/wp\/v2\/posts"}],"about":[{"href":"https:\/\/animus-klub.de\/hu\/wp-json\/wp\/v2\/types\/post"}],"author":[{"embeddable":true,"href":"https:\/\/animus-klub.de\/hu\/wp-json\/wp\/v2\/users\/33"}],"replies":[{"embeddable":true,"href":"https:\/\/animus-klub.de\/hu\/wp-json\/wp\/v2\/comments?post=33577"}],"version-history":[{"count":1,"href":"https:\/\/animus-klub.de\/hu\/wp-json\/wp\/v2\/posts\/33577\/revisions"}],"predecessor-version":[{"id":1019843,"href":"https:\/\/animus-klub.de\/hu\/wp-json\/wp\/v2\/posts\/33577\/revisions\/1019843"}],"wp:featuredmedia":[{"embeddable":true,"href":"https:\/\/animus-klub.de\/hu\/wp-json\/wp\/v2\/media\/33542"}],"wp:attachment":[{"href":"https:\/\/animus-klub.de\/hu\/wp-json\/wp\/v2\/media?parent=33577"}],"wp:term":[{"taxonomy":"category","embeddable":true,"href":"https:\/\/animus-klub.de\/hu\/wp-json\/wp\/v2\/categories?post=33577"},{"taxonomy":"post_tag","embeddable":true,"href":"https:\/\/animus-klub.de\/hu\/wp-json\/wp\/v2\/tags?post=33577"}],"curies":[{"name":"wp","href":"https:\/\/api.w.org\/{rel}","templated":true}]}}